{"id":176095,"date":"2020-06-26T09:05:18","date_gmt":"2020-06-26T12:05:18","guid":{"rendered":"https:\/\/www.caririemacao.com\/1\/?p=176095"},"modified":"2020-06-26T09:05:18","modified_gmt":"2020-06-26T12:05:18","slug":"policia-militar-cumpre-mandado-de-prisao-em-monteiro-3","status":"publish","type":"post","link":"https:\/\/www.caririemacao.com\/1\/2020\/06\/26\/policia-militar-cumpre-mandado-de-prisao-em-monteiro-3\/","title":{"rendered":"Pol\u00edcia Militar cumpre mandado de pris\u00e3o em Monteiro"},"content":{"rendered":"\n<p>Policiais Militares do 11\u00ba Batalh\u00e3o prenderam, por volta das 16h30min da quinta-feira (25), um homem no S\u00edtio Queimadas, na cidade de Monteiro. A a\u00e7\u00e3o ocorreu em cumprimento a mandado de pris\u00e3o existente contra ele.<\/p>\n\n\n\n<p>O acusado foi localizado em sua resid\u00eancia e n\u00e3o esbo\u00e7ou rea\u00e7\u00e3o; foi dado voz de pris\u00e3o e conduzido \u00e0 Delegacia de Pol\u00edcia Civil de Monteiro.<\/p>\n\n\n\n<p><em>11\u00ba BPM \u2013 Batalh\u00e3o 1\u00ba SGT Ylton Sales Silva<\/em><br><em>Se\u00e7\u00e3o de Comunica\u00e7\u00e3o Social e Marketing Institucional do 11\u00ba BPM<\/em><\/p>\n","protected":false},"excerpt":{"rendered":"<p>Policiais Militares do 11\u00ba Batalh\u00e3o prenderam, por volta das 16h30min da quinta-feira (25), um homem no S\u00edtio Queimadas, na cidade de Monteiro. A a\u00e7\u00e3o ocorreu&hellip; <\/p>\n","protected":false},"author":1,"featured_media":176096,"comment_status":"closed","ping_status":"closed","sticky":false,"template":"","format":"standard","meta":{"sfsi_plus_gutenberg_text_before_share":"","sfsi_plus_gutenberg_show_text_before_share":"","sfsi_plus_gutenberg_icon_type":"","sfsi_plus_gutenberg_icon_alignemt":"","sfsi_plus_gutenburg_max_per_row":"","footnotes":""},"categories":[6,12],"tags":[],"class_list":["post-176095","post","type-post","status-publish","format-standard","has-post-thumbnail","hentry","category-cidades","category-policia"],"_links":{"self":[{"href":"https:\/\/www.caririemacao.com\/1\/wp-json\/wp\/v2\/posts\/176095","targetHints":{"allow":["GET"]}}],"collection":[{"href":"https:\/\/www.caririemacao.com\/1\/wp-json\/wp\/v2\/posts"}],"about":[{"href":"https:\/\/www.caririemacao.com\/1\/wp-json\/wp\/v2\/types\/post"}],"author":[{"embeddable":true,"href":"https:\/\/www.caririemacao.com\/1\/wp-json\/wp\/v2\/users\/1"}],"replies":[{"embeddable":true,"href":"https:\/\/www.caririemacao.com\/1\/wp-json\/wp\/v2\/comments?post=176095"}],"version-history":[{"count":1,"href":"https:\/\/www.caririemacao.com\/1\/wp-json\/wp\/v2\/posts\/176095\/revisions"}],"predecessor-version":[{"id":176097,"href":"https:\/\/www.caririemacao.com\/1\/wp-json\/wp\/v2\/posts\/176095\/revisions\/176097"}],"wp:featuredmedia":[{"embeddable":true,"href":"https:\/\/www.caririemacao.com\/1\/wp-json\/wp\/v2\/media\/176096"}],"wp:attachment":[{"href":"https:\/\/www.caririemacao.com\/1\/wp-json\/wp\/v2\/media?parent=176095"}],"wp:term":[{"taxonomy":"category","embeddable":true,"href":"https:\/\/www.caririemacao.com\/1\/wp-json\/wp\/v2\/categories?post=176095"},{"taxonomy":"post_tag","embeddable":true,"href":"https:\/\/www.caririemacao.com\/1\/wp-json\/wp\/v2\/tags?post=176095"}],"curies":[{"name":"wp","href":"https:\/\/api.w.org\/{rel}","templated":true}]}}