{"id":176099,"date":"2020-06-26T09:06:55","date_gmt":"2020-06-26T12:06:55","guid":{"rendered":"https:\/\/www.caririemacao.com\/1\/?p=176099"},"modified":"2020-06-26T09:06:55","modified_gmt":"2020-06-26T12:06:55","slug":"em-sume-policia-militar-prende-acusado-de-violencia-domestica","status":"publish","type":"post","link":"https:\/\/www.caririemacao.com\/1\/2020\/06\/26\/em-sume-policia-militar-prende-acusado-de-violencia-domestica\/","title":{"rendered":"Em Sum\u00e9: Pol\u00edcia Militar prende acusado de viol\u00eancia dom\u00e9stica"},"content":{"rendered":"\n<p>Por volta das 20h27min a Pol\u00edcia Militar foi solicitada via COPOM (190) por uma senhora de 59 anos de idade denunciando que na rua Manoel Mendon\u00e7a na cidade de Sum\u00e9, o ex-companheiro de sua filha quebrou a porta de sua resid\u00eancia, entrou e n\u00e3o quis sair.<\/p>\n\n\n\n<p>A guarni\u00e7\u00e3o esteve no local o acusado estava com sintomas de embriaguez deitado no sof\u00e1, o mesmo falou aos policiais que iria sair da casa, mas que voltaria para matar a ex-companheira e se matar.<\/p>\n\n\n\n<p>Diante da amea\u00e7a o acusado que foi conduzido a delegacia de monteiro para serem tomadas as medidas cab\u00edveis.<\/p>\n","protected":false},"excerpt":{"rendered":"<p>Por volta das 20h27min a Pol\u00edcia Militar foi solicitada via COPOM (190) por uma senhora de 59 anos de idade denunciando que na rua Manoel&hellip; <\/p>\n","protected":false},"author":1,"featured_media":176100,"comment_status":"closed","ping_status":"closed","sticky":false,"template":"","format":"standard","meta":{"sfsi_plus_gutenberg_text_before_share":"","sfsi_plus_gutenberg_show_text_before_share":"","sfsi_plus_gutenberg_icon_type":"","sfsi_plus_gutenberg_icon_alignemt":"","sfsi_plus_gutenburg_max_per_row":"","footnotes":""},"categories":[6,12],"tags":[],"class_list":["post-176099","post","type-post","status-publish","format-standard","has-post-thumbnail","hentry","category-cidades","category-policia"],"_links":{"self":[{"href":"https:\/\/www.caririemacao.com\/1\/wp-json\/wp\/v2\/posts\/176099","targetHints":{"allow":["GET"]}}],"collection":[{"href":"https:\/\/www.caririemacao.com\/1\/wp-json\/wp\/v2\/posts"}],"about":[{"href":"https:\/\/www.caririemacao.com\/1\/wp-json\/wp\/v2\/types\/post"}],"author":[{"embeddable":true,"href":"https:\/\/www.caririemacao.com\/1\/wp-json\/wp\/v2\/users\/1"}],"replies":[{"embeddable":true,"href":"https:\/\/www.caririemacao.com\/1\/wp-json\/wp\/v2\/comments?post=176099"}],"version-history":[{"count":1,"href":"https:\/\/www.caririemacao.com\/1\/wp-json\/wp\/v2\/posts\/176099\/revisions"}],"predecessor-version":[{"id":176101,"href":"https:\/\/www.caririemacao.com\/1\/wp-json\/wp\/v2\/posts\/176099\/revisions\/176101"}],"wp:featuredmedia":[{"embeddable":true,"href":"https:\/\/www.caririemacao.com\/1\/wp-json\/wp\/v2\/media\/176100"}],"wp:attachment":[{"href":"https:\/\/www.caririemacao.com\/1\/wp-json\/wp\/v2\/media?parent=176099"}],"wp:term":[{"taxonomy":"category","embeddable":true,"href":"https:\/\/www.caririemacao.com\/1\/wp-json\/wp\/v2\/categories?post=176099"},{"taxonomy":"post_tag","embeddable":true,"href":"https:\/\/www.caririemacao.com\/1\/wp-json\/wp\/v2\/tags?post=176099"}],"curies":[{"name":"wp","href":"https:\/\/api.w.org\/{rel}","templated":true}]}}