{"id":176212,"date":"2020-06-27T07:07:54","date_gmt":"2020-06-27T10:07:54","guid":{"rendered":"https:\/\/www.caririemacao.com\/1\/?p=176212"},"modified":"2020-06-27T07:07:54","modified_gmt":"2020-06-27T10:07:54","slug":"municipio-de-monteiro-registra-10-novos-casos-da-covid-19-nas-ultimas-24-horas","status":"publish","type":"post","link":"https:\/\/www.caririemacao.com\/1\/2020\/06\/27\/municipio-de-monteiro-registra-10-novos-casos-da-covid-19-nas-ultimas-24-horas\/","title":{"rendered":"Munic\u00edpio de Monteiro registra 10 novos casos da Covid-19 nas \u00faltimas 24 horas"},"content":{"rendered":"\n<div class=\"wp-block-image\"><figure class=\"aligncenter\"><img decoding=\"async\" data-src=\"http:\/\/deolhonocariri.com.br\/wp-content\/uploads\/2019\/03\/monteiro_pb_foto_ascom_monteiro.jpg\" alt=\"\" class=\"wp-image-64739 lazyload\" src=\"data:image\/svg+xml;base64,PHN2ZyB3aWR0aD0iMSIgaGVpZ2h0PSIxIiB4bWxucz0iaHR0cDovL3d3dy53My5vcmcvMjAwMC9zdmciPjwvc3ZnPg==\" \/><\/figure><\/div>\n\n\n\n<p>A Prefeitura de Monteiro atrav\u00e9s da Secretaria Municipal de Sa\u00fade divulgou no final da tarde desta sexta-feira(26) o seu mais novo boletim epidemiol\u00f3gico no qual foram registrados 10 novos casos confirmados de Covid-19 (novo coronav\u00edrus). O munic\u00edpio agora soma 84 casos confirmados da doen\u00e7a.<\/p>\n\n\n\n<p>De acordo com a Secretaria, os novos casos tratam-se de seis (06) pacientes de 24, 34, 35, 42, 54 e 56 anos, do sexo masculino e quatro (02) pacientes com 23 anos e mais dois (02) com 38 e 41 anos, do sexo feminino.<\/p>\n\n\n\n<p>Todos permanecem em isolamento domiciliar e est\u00e3o sendo acompanhados pela Vigil\u00e2ncia de Sa\u00fade do Munic\u00edpio. A unidade municipal de sa\u00fade ainda informa que existe 38 casos recuperados da Covid-19, permanecendo 46 ativos.<\/p>\n\n\n\n<p>A Secret\u00e1ria de Sa\u00fade&nbsp;Refor\u00e7a a import\u00e2ncia de toda popula\u00e7\u00e3o seguir as orienta\u00e7\u00f5es do distanciamento social, o uso de m\u00e1scaras, a higieniza\u00e7\u00e3o das m\u00e3os com \u00e1lcool 70% e demais medidas apresentadas pela Secretaria de Sa\u00fade.<\/p>\n\n\n\n<div class=\"wp-block-image\"><figure class=\"aligncenter\"><img decoding=\"async\" data-src=\"http:\/\/deolhonocariri.com.br\/wp-content\/uploads\/2020\/06\/mo.png\" alt=\"\" class=\"wp-image-84354 lazyload\" src=\"data:image\/svg+xml;base64,PHN2ZyB3aWR0aD0iMSIgaGVpZ2h0PSIxIiB4bWxucz0iaHR0cDovL3d3dy53My5vcmcvMjAwMC9zdmciPjwvc3ZnPg==\" \/><\/figure><\/div>\n\n\n\n<p>De Olho no Cariri<\/p>\n","protected":false},"excerpt":{"rendered":"<p>A Prefeitura de Monteiro atrav\u00e9s da Secretaria Municipal de Sa\u00fade divulgou no final da tarde desta sexta-feira(26) o seu mais novo boletim epidemiol\u00f3gico no qual&hellip; <\/p>\n","protected":false},"author":2,"featured_media":176213,"comment_status":"closed","ping_status":"closed","sticky":false,"template":"","format":"standard","meta":{"sfsi_plus_gutenberg_text_before_share":"","sfsi_plus_gutenberg_show_text_before_share":"","sfsi_plus_gutenberg_icon_type":"","sfsi_plus_gutenberg_icon_alignemt":"","sfsi_plus_gutenburg_max_per_row":"","footnotes":""},"categories":[6,81],"tags":[],"class_list":["post-176212","post","type-post","status-publish","format-standard","has-post-thumbnail","hentry","category-cidades","category-monteiro"],"_links":{"self":[{"href":"https:\/\/www.caririemacao.com\/1\/wp-json\/wp\/v2\/posts\/176212","targetHints":{"allow":["GET"]}}],"collection":[{"href":"https:\/\/www.caririemacao.com\/1\/wp-json\/wp\/v2\/posts"}],"about":[{"href":"https:\/\/www.caririemacao.com\/1\/wp-json\/wp\/v2\/types\/post"}],"author":[{"embeddable":true,"href":"https:\/\/www.caririemacao.com\/1\/wp-json\/wp\/v2\/users\/2"}],"replies":[{"embeddable":true,"href":"https:\/\/www.caririemacao.com\/1\/wp-json\/wp\/v2\/comments?post=176212"}],"version-history":[{"count":1,"href":"https:\/\/www.caririemacao.com\/1\/wp-json\/wp\/v2\/posts\/176212\/revisions"}],"predecessor-version":[{"id":176214,"href":"https:\/\/www.caririemacao.com\/1\/wp-json\/wp\/v2\/posts\/176212\/revisions\/176214"}],"wp:featuredmedia":[{"embeddable":true,"href":"https:\/\/www.caririemacao.com\/1\/wp-json\/wp\/v2\/media\/176213"}],"wp:attachment":[{"href":"https:\/\/www.caririemacao.com\/1\/wp-json\/wp\/v2\/media?parent=176212"}],"wp:term":[{"taxonomy":"category","embeddable":true,"href":"https:\/\/www.caririemacao.com\/1\/wp-json\/wp\/v2\/categories?post=176212"},{"taxonomy":"post_tag","embeddable":true,"href":"https:\/\/www.caririemacao.com\/1\/wp-json\/wp\/v2\/tags?post=176212"}],"curies":[{"name":"wp","href":"https:\/\/api.w.org\/{rel}","templated":true}]}}