{"id":176228,"date":"2020-06-27T08:21:33","date_gmt":"2020-06-27T11:21:33","guid":{"rendered":"https:\/\/www.caririemacao.com\/1\/?p=176228"},"modified":"2020-06-27T08:21:33","modified_gmt":"2020-06-27T11:21:33","slug":"com-apoio-tatico-aereo-operacao-guarda-costas-prende-suspeitos-e-apreende-armas-no-sertao-da-paraiba","status":"publish","type":"post","link":"https:\/\/www.caririemacao.com\/1\/2020\/06\/27\/com-apoio-tatico-aereo-operacao-guarda-costas-prende-suspeitos-e-apreende-armas-no-sertao-da-paraiba\/","title":{"rendered":"Com apoio t\u00e1tico a\u00e9reo, Opera\u00e7\u00e3o Guarda Costas prende suspeitos e apreende armas no Sert\u00e3o da Para\u00edba"},"content":{"rendered":"\n<h1 class=\"wp-block-heading\"><\/h1>\n\n\n\n<p>A Pol\u00edcia Militar cumpriu mandados de pris\u00e3o nesta sexta-feira (26), em a\u00e7\u00e3o conjunta que realizou a\u00e7\u00f5es de car\u00e1ter preventivo voltadas \u00e0 redu\u00e7\u00e3o de crimes contra a vida e o patrim\u00f4nio no Sert\u00e3o da Para\u00edba.&nbsp;<\/p>\n\n\n\n<p>Participaram da Opera\u00e7\u00e3o Guarda Costas a Pol\u00edcia Civil, Pol\u00edcia Militar, Grupamento T\u00e1tico A\u00e9reo (GTA), a Secretaria de Seguran\u00e7a e da Defesa Social (Sesds) e Corpo de Bombeiros.<\/p>\n\n\n\n<p>No Vale do Pianc\u00f3, a opera\u00e7\u00e3o prendeu tr\u00eas suspeitos na zona rural de Santana de Mangueira, e na \u00e1rea urbana de S\u00e3o Jos\u00e9 do Belmonte, em Pernambuco, onde foram apreendidas tr\u00eas espingardas calibre .32, cartuchos e muni\u00e7\u00f5es de calibre .38.<\/p>\n\n\n\n<p>Confira imagens abaixo:<\/p>\n\n\n\n<figure><iframe width=\"500\" height=\"281\" data-src=\"https:\/\/www.youtube.com\/embed\/3iI37DZkF8U\" allowfullscreen=\"\" src=\"data:image\/svg+xml;base64,PHN2ZyB3aWR0aD0iMSIgaGVpZ2h0PSIxIiB4bWxucz0iaHR0cDovL3d3dy53My5vcmcvMjAwMC9zdmciPjwvc3ZnPg==\" class=\"lazyload\" data-load-mode=\"1\"><\/iframe><\/figure>\n","protected":false},"excerpt":{"rendered":"<p>A Pol\u00edcia Militar cumpriu mandados de pris\u00e3o nesta sexta-feira (26), em a\u00e7\u00e3o conjunta que realizou a\u00e7\u00f5es de car\u00e1ter preventivo voltadas \u00e0 redu\u00e7\u00e3o de crimes contra&hellip; <\/p>\n","protected":false},"author":2,"featured_media":176229,"comment_status":"closed","ping_status":"closed","sticky":false,"template":"","format":"standard","meta":{"sfsi_plus_gutenberg_text_before_share":"","sfsi_plus_gutenberg_show_text_before_share":"","sfsi_plus_gutenberg_icon_type":"","sfsi_plus_gutenberg_icon_alignemt":"","sfsi_plus_gutenburg_max_per_row":"","footnotes":""},"categories":[2],"tags":[],"class_list":["post-176228","post","type-post","status-publish","format-standard","has-post-thumbnail","hentry","category-geral"],"_links":{"self":[{"href":"https:\/\/www.caririemacao.com\/1\/wp-json\/wp\/v2\/posts\/176228","targetHints":{"allow":["GET"]}}],"collection":[{"href":"https:\/\/www.caririemacao.com\/1\/wp-json\/wp\/v2\/posts"}],"about":[{"href":"https:\/\/www.caririemacao.com\/1\/wp-json\/wp\/v2\/types\/post"}],"author":[{"embeddable":true,"href":"https:\/\/www.caririemacao.com\/1\/wp-json\/wp\/v2\/users\/2"}],"replies":[{"embeddable":true,"href":"https:\/\/www.caririemacao.com\/1\/wp-json\/wp\/v2\/comments?post=176228"}],"version-history":[{"count":1,"href":"https:\/\/www.caririemacao.com\/1\/wp-json\/wp\/v2\/posts\/176228\/revisions"}],"predecessor-version":[{"id":176230,"href":"https:\/\/www.caririemacao.com\/1\/wp-json\/wp\/v2\/posts\/176228\/revisions\/176230"}],"wp:featuredmedia":[{"embeddable":true,"href":"https:\/\/www.caririemacao.com\/1\/wp-json\/wp\/v2\/media\/176229"}],"wp:attachment":[{"href":"https:\/\/www.caririemacao.com\/1\/wp-json\/wp\/v2\/media?parent=176228"}],"wp:term":[{"taxonomy":"category","embeddable":true,"href":"https:\/\/www.caririemacao.com\/1\/wp-json\/wp\/v2\/categories?post=176228"},{"taxonomy":"post_tag","embeddable":true,"href":"https:\/\/www.caririemacao.com\/1\/wp-json\/wp\/v2\/tags?post=176228"}],"curies":[{"name":"wp","href":"https:\/\/api.w.org\/{rel}","templated":true}]}}