{"id":176404,"date":"2020-06-29T08:59:12","date_gmt":"2020-06-29T11:59:12","guid":{"rendered":"https:\/\/www.caririemacao.com\/1\/?p=176404"},"modified":"2020-06-29T08:59:12","modified_gmt":"2020-06-29T11:59:12","slug":"tempo-de-trabalho-infantil-vale-para-aposentadoria-decide-stj","status":"publish","type":"post","link":"https:\/\/www.caririemacao.com\/1\/2020\/06\/29\/tempo-de-trabalho-infantil-vale-para-aposentadoria-decide-stj\/","title":{"rendered":"Tempo de trabalho infantil vale para aposentadoria, decide STJ"},"content":{"rendered":"\n<p>O Superior Tribunal de Justi\u00e7a (STJ) confirmou que o tempo de trabalho rural infantil pode ser computado para efeitos previdenci\u00e1rios. Na decis\u00e3o, o tribunal reconheceu a ilegalidade do trabalho infantil, mas entendeu que n\u00e3o somar o tempo para o c\u00e1lculo da aposentadoria \u00e9 punir o trabalhador duas vezes.&nbsp;<\/p>\n\n\n\n<p>O caso, julgado no inicio deste m\u00eas, envolveu um homem que come\u00e7ou a trabalhar com a fam\u00edlia na zona rural aos 11 anos de idade e pediu \u00e0 Justi\u00e7a que o per\u00edodo trabalhado antes de completar 14 anos fosse somado ao tempo de servi\u00e7o para solicita\u00e7\u00e3o da aposentadoria da Previd\u00eancia Social. Nas inst\u00e2ncias inferiores, somente o per\u00edodo trabalhado a partir dos 14 anos foi aceito por ser permitido por lei.&nbsp;<\/p>\n\n\n\n<p>No STJ, a Primeira Turma manteve a jurisprud\u00eancia do tribunal e entendeu que n\u00e3o h\u00e1 idade m\u00ednima para reconhecimento do per\u00edodo de trabalho rural infantil para fins previdenci\u00e1rios.&nbsp;<\/p>\n\n\n\n<p>No voto sobre a quest\u00e3o, o ministro Napole\u00e3o Nunes Maia, relator do caso, afirmou que o reconhecimento n\u00e3o \u00e9 uma chancela do Judici\u00e1rio ao trabalho infantil.&nbsp;<\/p>\n\n\n\n<p>\u201cReafirma-se que o trabalho da crian\u00e7a e do adolescente deve ser reprimido com energia inflex\u00edvel, n\u00e3o se admitindo exce\u00e7\u00e3o que o justifique. No entanto, uma vez prestado o labor o respectivo tempo deve ser computado, sendo esse c\u00f4mputo o m\u00ednimo que se pode fazer para mitigar o preju\u00edzo sofrido pelo infante, mas isso sem exonerar o empregador das puni\u00e7\u00f5es legais a que se exp\u00f5e quem emprega ou explora o trabalho de menores\u201d, disse.&nbsp;<\/p>\n\n\n\n<p>No dia 12 deste m\u00eas, em refer\u00eancia ao Dia Mundial contra o Trabalho Infantil, diversas entidades lembraram que, de acordo com o Instituto Brasileiro de Geografia e Estat\u00edstica (IBGE), o Brasil tem cerca de 2,5 milh\u00f5es de crian\u00e7as e adolescentes trabalhando ilegalmente.&nbsp;<\/p>\n","protected":false},"excerpt":{"rendered":"<p>O Superior Tribunal de Justi\u00e7a (STJ) confirmou que o tempo de trabalho rural infantil pode ser computado para efeitos previdenci\u00e1rios. Na decis\u00e3o, o tribunal reconheceu&hellip; <\/p>\n","protected":false},"author":2,"featured_media":84134,"comment_status":"closed","ping_status":"closed","sticky":false,"template":"","format":"standard","meta":{"sfsi_plus_gutenberg_text_before_share":"","sfsi_plus_gutenberg_show_text_before_share":"","sfsi_plus_gutenberg_icon_type":"","sfsi_plus_gutenberg_icon_alignemt":"","sfsi_plus_gutenburg_max_per_row":"","footnotes":""},"categories":[2],"tags":[],"class_list":["post-176404","post","type-post","status-publish","format-standard","has-post-thumbnail","hentry","category-geral"],"_links":{"self":[{"href":"https:\/\/www.caririemacao.com\/1\/wp-json\/wp\/v2\/posts\/176404","targetHints":{"allow":["GET"]}}],"collection":[{"href":"https:\/\/www.caririemacao.com\/1\/wp-json\/wp\/v2\/posts"}],"about":[{"href":"https:\/\/www.caririemacao.com\/1\/wp-json\/wp\/v2\/types\/post"}],"author":[{"embeddable":true,"href":"https:\/\/www.caririemacao.com\/1\/wp-json\/wp\/v2\/users\/2"}],"replies":[{"embeddable":true,"href":"https:\/\/www.caririemacao.com\/1\/wp-json\/wp\/v2\/comments?post=176404"}],"version-history":[{"count":1,"href":"https:\/\/www.caririemacao.com\/1\/wp-json\/wp\/v2\/posts\/176404\/revisions"}],"predecessor-version":[{"id":176405,"href":"https:\/\/www.caririemacao.com\/1\/wp-json\/wp\/v2\/posts\/176404\/revisions\/176405"}],"wp:featuredmedia":[{"embeddable":true,"href":"https:\/\/www.caririemacao.com\/1\/wp-json\/wp\/v2\/media\/84134"}],"wp:attachment":[{"href":"https:\/\/www.caririemacao.com\/1\/wp-json\/wp\/v2\/media?parent=176404"}],"wp:term":[{"taxonomy":"category","embeddable":true,"href":"https:\/\/www.caririemacao.com\/1\/wp-json\/wp\/v2\/categories?post=176404"},{"taxonomy":"post_tag","embeddable":true,"href":"https:\/\/www.caririemacao.com\/1\/wp-json\/wp\/v2\/tags?post=176404"}],"curies":[{"name":"wp","href":"https:\/\/api.w.org\/{rel}","templated":true}]}}