{"id":176407,"date":"2020-06-29T10:53:45","date_gmt":"2020-06-29T13:53:45","guid":{"rendered":"https:\/\/www.caririemacao.com\/1\/?p=176407"},"modified":"2020-06-29T10:53:45","modified_gmt":"2020-06-29T13:53:45","slug":"campanha-de-vacinacao-contra-influenza-termina-nesta-terca-feira","status":"publish","type":"post","link":"https:\/\/www.caririemacao.com\/1\/2020\/06\/29\/campanha-de-vacinacao-contra-influenza-termina-nesta-terca-feira\/","title":{"rendered":"Campanha de Vacina\u00e7\u00e3o contra Influenza termina nesta ter\u00e7a-feira"},"content":{"rendered":"\n<p>A Campanha de Vacina\u00e7\u00e3o contra a Influenza termina nesta ter\u00e7a-feira (30).&nbsp;As&nbsp;pessoas que fazem parte dos grupos priorit\u00e1rios e ainda n\u00e3o se vacinaram, devem procurar um dos pontos de imuniza\u00e7\u00e3o para tomar a vacina.<\/p>\n\n\n\n<p>As doses da vacina est\u00e3o dispon\u00edveis nas Unidades de Sa\u00fade da Fam\u00edlia (USF), das 7h \u00e0s 11h e das 12h \u00e0s 16h, Policl\u00ednicas Municipais, das 7h \u00e0s 17h,&nbsp;e Centro Municipal de Imuniza\u00e7\u00e3o (CMI), das 8h \u00e0s 15h50.<\/p>\n\n\n\n<p>A Para\u00edba\u00a0atingiu a meta geral da Campanha Nacional de Vacina\u00e7\u00e3o\u00a0contra a gripe 2020 com\u00a0983.247 doses aplicadas at\u00e9 esta sexta-feira (19), o que representa 90,60% de cobertura, ultrapassando, inclusive, a cobertura nacional, que est\u00e1 em 84,38%.\u00a0<\/p>\n\n\n\n<p>Entre os grupos priorit\u00e1rios est\u00e3o:&nbsp;crian\u00e7as de seis meses a menores de cinco anos (71,72%), gestantes (69,47%), pu\u00e9rperas (86,81%) e adultos de 55 a 59 anos (69,03%). Os demais grupos ultrapassaram a meta estipulada pelo Minist\u00e9rio da Sa\u00fade: trabalhadores de sa\u00fade (114,92%), popula\u00e7\u00e3o ind\u00edgena (99,03%) e idosos (107,66%).<\/p>\n\n\n\n<p>A Campanha de Vacina\u00e7\u00e3o Contra a Gripe este ano teve in\u00edcio dia 23 de mar\u00e7o. A meta \u00e9 vacinar, pelo menos, 90% de cada um dos grupos priorit\u00e1rios.&nbsp; De acordo com o Minist\u00e9rio da Sa\u00fade, mesmo diante da n\u00e3o efic\u00e1cia da vacina de Influenza contra o coronav\u00edrus, \u00e9 uma forma de auxiliar os profissionais de sa\u00fade a descartarem as influenzas na triagem e acelerarem o diagn\u00f3stico para a Covid-19.&nbsp;<\/p>\n","protected":false},"excerpt":{"rendered":"<p>A Campanha de Vacina\u00e7\u00e3o contra a Influenza termina nesta ter\u00e7a-feira (30).&nbsp;As&nbsp;pessoas que fazem parte dos grupos priorit\u00e1rios e ainda n\u00e3o se vacinaram, devem procurar um&hellip; <\/p>\n","protected":false},"author":2,"featured_media":175624,"comment_status":"closed","ping_status":"closed","sticky":false,"template":"","format":"standard","meta":{"sfsi_plus_gutenberg_text_before_share":"","sfsi_plus_gutenberg_show_text_before_share":"","sfsi_plus_gutenberg_icon_type":"","sfsi_plus_gutenberg_icon_alignemt":"","sfsi_plus_gutenburg_max_per_row":"","footnotes":""},"categories":[16],"tags":[],"class_list":["post-176407","post","type-post","status-publish","format-standard","has-post-thumbnail","hentry","category-saude"],"_links":{"self":[{"href":"https:\/\/www.caririemacao.com\/1\/wp-json\/wp\/v2\/posts\/176407","targetHints":{"allow":["GET"]}}],"collection":[{"href":"https:\/\/www.caririemacao.com\/1\/wp-json\/wp\/v2\/posts"}],"about":[{"href":"https:\/\/www.caririemacao.com\/1\/wp-json\/wp\/v2\/types\/post"}],"author":[{"embeddable":true,"href":"https:\/\/www.caririemacao.com\/1\/wp-json\/wp\/v2\/users\/2"}],"replies":[{"embeddable":true,"href":"https:\/\/www.caririemacao.com\/1\/wp-json\/wp\/v2\/comments?post=176407"}],"version-history":[{"count":1,"href":"https:\/\/www.caririemacao.com\/1\/wp-json\/wp\/v2\/posts\/176407\/revisions"}],"predecessor-version":[{"id":176408,"href":"https:\/\/www.caririemacao.com\/1\/wp-json\/wp\/v2\/posts\/176407\/revisions\/176408"}],"wp:featuredmedia":[{"embeddable":true,"href":"https:\/\/www.caririemacao.com\/1\/wp-json\/wp\/v2\/media\/175624"}],"wp:attachment":[{"href":"https:\/\/www.caririemacao.com\/1\/wp-json\/wp\/v2\/media?parent=176407"}],"wp:term":[{"taxonomy":"category","embeddable":true,"href":"https:\/\/www.caririemacao.com\/1\/wp-json\/wp\/v2\/categories?post=176407"},{"taxonomy":"post_tag","embeddable":true,"href":"https:\/\/www.caririemacao.com\/1\/wp-json\/wp\/v2\/tags?post=176407"}],"curies":[{"name":"wp","href":"https:\/\/api.w.org\/{rel}","templated":true}]}}