{"id":176413,"date":"2020-06-29T12:52:22","date_gmt":"2020-06-29T15:52:22","guid":{"rendered":"https:\/\/www.caririemacao.com\/1\/?p=176413"},"modified":"2020-06-29T12:52:22","modified_gmt":"2020-06-29T15:52:22","slug":"homem-e-preso-apos-agredir-sua-irma-em-cidade-do-cariri","status":"publish","type":"post","link":"https:\/\/www.caririemacao.com\/1\/2020\/06\/29\/homem-e-preso-apos-agredir-sua-irma-em-cidade-do-cariri\/","title":{"rendered":"Homem \u00e9 preso ap\u00f3s agredir sua irm\u00e3 em cidade do Cariri"},"content":{"rendered":"\n<h1 class=\"wp-block-heading\"><\/h1>\n\n\n\n<hr class=\"wp-block-separator\"\/>\n\n\n\n<p>Por volta das 02h10min do domingo (28), a Pol\u00edcia Militar recebeu um chamado via COPOM (190), informando que em uma rua do Conjunto Mutir\u00e3o, em Monteiro, havia um homem agredindo a irm\u00e3.<\/p>\n\n\n\n<p>De imediato a guarni\u00e7\u00e3o foi ao local informado, onde localizou a v\u00edtima, a qual informou que ela, o acusado que \u00e9 seu irm\u00e3o e uma ex-namorada do acusado estavam bebendo em sua resid\u00eancia, quando o acusado come\u00e7ou a apresentar ci\u00fames de sua ex, passando a implicar com a mesma, motivo esse que a v\u00edtima tentou intervir e foi agredida fisicamente por seu irm\u00e3o que tamb\u00e9m a amea\u00e7ou de morte.<\/p>\n\n\n\n<p>O acusado com 23 anos de idade ao avistar os policiais, tentou evadir-se do local pulando o muro da resid\u00eancia, por\u00e9m, foi capturado e conduzido para a Delegacia de Pol\u00edcia Civil de Monteiro.<\/p>\n","protected":false},"excerpt":{"rendered":"<p>Por volta das 02h10min do domingo (28), a Pol\u00edcia Militar recebeu um chamado via COPOM (190), informando que em uma rua do Conjunto Mutir\u00e3o, em&hellip; <\/p>\n","protected":false},"author":2,"featured_media":176414,"comment_status":"closed","ping_status":"closed","sticky":false,"template":"","format":"standard","meta":{"sfsi_plus_gutenberg_text_before_share":"","sfsi_plus_gutenberg_show_text_before_share":"","sfsi_plus_gutenberg_icon_type":"","sfsi_plus_gutenberg_icon_alignemt":"","sfsi_plus_gutenburg_max_per_row":"","footnotes":""},"categories":[12],"tags":[],"class_list":["post-176413","post","type-post","status-publish","format-standard","has-post-thumbnail","hentry","category-policia"],"_links":{"self":[{"href":"https:\/\/www.caririemacao.com\/1\/wp-json\/wp\/v2\/posts\/176413","targetHints":{"allow":["GET"]}}],"collection":[{"href":"https:\/\/www.caririemacao.com\/1\/wp-json\/wp\/v2\/posts"}],"about":[{"href":"https:\/\/www.caririemacao.com\/1\/wp-json\/wp\/v2\/types\/post"}],"author":[{"embeddable":true,"href":"https:\/\/www.caririemacao.com\/1\/wp-json\/wp\/v2\/users\/2"}],"replies":[{"embeddable":true,"href":"https:\/\/www.caririemacao.com\/1\/wp-json\/wp\/v2\/comments?post=176413"}],"version-history":[{"count":1,"href":"https:\/\/www.caririemacao.com\/1\/wp-json\/wp\/v2\/posts\/176413\/revisions"}],"predecessor-version":[{"id":176415,"href":"https:\/\/www.caririemacao.com\/1\/wp-json\/wp\/v2\/posts\/176413\/revisions\/176415"}],"wp:featuredmedia":[{"embeddable":true,"href":"https:\/\/www.caririemacao.com\/1\/wp-json\/wp\/v2\/media\/176414"}],"wp:attachment":[{"href":"https:\/\/www.caririemacao.com\/1\/wp-json\/wp\/v2\/media?parent=176413"}],"wp:term":[{"taxonomy":"category","embeddable":true,"href":"https:\/\/www.caririemacao.com\/1\/wp-json\/wp\/v2\/categories?post=176413"},{"taxonomy":"post_tag","embeddable":true,"href":"https:\/\/www.caririemacao.com\/1\/wp-json\/wp\/v2\/tags?post=176413"}],"curies":[{"name":"wp","href":"https:\/\/api.w.org\/{rel}","templated":true}]}}