{"id":176417,"date":"2020-06-29T12:57:57","date_gmt":"2020-06-29T15:57:57","guid":{"rendered":"https:\/\/www.caririemacao.com\/1\/?p=176417"},"modified":"2020-06-29T12:57:57","modified_gmt":"2020-06-29T15:57:57","slug":"alunos-da-rede-estadual-passam-a-assistir-aulas-pela-televisao-e-tv-paraiba-educa-sera-lancada-nesta-segunda-feira","status":"publish","type":"post","link":"https:\/\/www.caririemacao.com\/1\/2020\/06\/29\/alunos-da-rede-estadual-passam-a-assistir-aulas-pela-televisao-e-tv-paraiba-educa-sera-lancada-nesta-segunda-feira\/","title":{"rendered":"Alunos da rede estadual passam a assistir aulas pela televis\u00e3o e TV Para\u00edba Educa ser\u00e1 lan\u00e7ada nesta segunda-feira"},"content":{"rendered":"\n<h1 class=\"wp-block-heading\"><\/h1>\n\n\n\n<hr class=\"wp-block-separator\"\/>\n\n\n\n<p>Os alunos da rede estadual de ensino da Para\u00edba passam a assistir aulas a partir da pr\u00f3xima semana, por meio da TV Para\u00edba Educa, que ser\u00e1 lan\u00e7ada nesta segunda-feira (29). A novidade \u00e9 uma parceria da Secretaria de Estado da Educa\u00e7\u00e3o e da Ci\u00eancia e Tecnologia da Para\u00edba (SEECT) com a Assembleia Legislativa da Para\u00edba (ALPB) que vai levar aos estudantes a transmiss\u00e3o das videoaulas e programa\u00e7\u00e3o educativa por meio dos canais da Rede Legislativa: 40.4 na Grande Jo\u00e3o Pessoa; 15.4&nbsp; em Campina Grande e regi\u00e3o e 14.4 em Patos.<\/p>\n\n\n\n<p>A iniciativa faz parte de uma s\u00e9rie de a\u00e7\u00f5es que a Secretaria de Educa\u00e7\u00e3o tem realizado para estudantes da Rede Estadual de Ensino no Regime Especial de Ensino durante a pandemia do novo coronav\u00edrus, com educa\u00e7\u00e3o remota que inclui: a Plataforma Para\u00edba Educa; Google Classroom; redes sociais, materiais impressos e, em breve, aplicativo com dados patrocinados.&nbsp;&nbsp;<\/p>\n\n\n\n<p><strong>Programa\u00e7\u00e3o<\/strong><\/p>\n\n\n\n<p>A programa\u00e7\u00e3o da TV Para\u00edba Educa ser\u00e1 exibida diariamente das 8h \u00e0s 20h30, com programas in\u00e9ditos e reprises, como forma de garantir a acesso dos conte\u00fados ao maior n\u00famero de estudantes. As videoaulas correspondem a todas as etapas da Educa\u00e7\u00e3o B\u00e1sica, desde o Ensino Infantil at\u00e9 o Ensino M\u00e9dio, sendo consideradas tamb\u00e9m as especificidades de todos os ciclos da Educa\u00e7\u00e3o de Jovens e Adultos.&nbsp;&nbsp;&nbsp;<\/p>\n\n\n\n<p>As videoaulas s\u00e3o organizadas em programas de acordo com a etapa e os componentes a serem aprofundados. No per\u00edodo da manh\u00e3 ser\u00e3o exibidas as videoaulas referentes ao Ensino Infantil e ao Ensino Fundamental, \u00e0 tarde s\u00e3o exibidas as videoaulas referentes ao Ensino M\u00e9dio, enquanto \u00e0 noite \u00e9 reservada para as videoaulas dos ciclos da Educa\u00e7\u00e3o de Jovens e Adultos.&nbsp;<\/p>\n\n\n\n<p><strong>Feita por professores<\/strong><\/p>\n\n\n\n<p>Para tanto, foram selecionados professores de diferentes etapas da Educa\u00e7\u00e3o B\u00e1sica e \u00e1reas do conhecimento, que lecionam na rede p\u00fablica de ensino, para criarem videoaulas elaboradas especialmente para a TV Para\u00edba Educa, contemplando assim as orienta\u00e7\u00f5es pedag\u00f3gicas da SEECT e as principais demandas dos estudantes paraibanos.&nbsp;&nbsp;<\/p>\n\n\n\n<p>Respeitando as normas de distanciamento social, estando todos em suas casas, os professores que integram a equipe de professores ministrantes da TV Para\u00edba Educa foram desafiados a expandirem suas salas de aula, passando a lecionar para estudantes de diferentes regi\u00f5es do Estado.&nbsp;&nbsp;<\/p>\n\n\n\n<p>Conforme o secret\u00e1rio de Estado da Educa\u00e7\u00e3o e da Ci\u00eancia e Tecnologia da Para\u00edba, Cl\u00e1udio Furtado, \u201ca TV Para\u00edba Educa tamb\u00e9m se insere como uma a\u00e7\u00e3o de incentivo \u00e0 ressignifica\u00e7\u00e3o dos processos de ensino, no qual os professores passam a compreender como podem expandir suas formas de ensinar e seus conhecimentos. O que ser\u00e1 transmitido na programa\u00e7\u00e3o da TV n\u00e3o ser\u00e3o videoaulas criadas em ambientes de est\u00fadio, mas sim o reflexo de como os professores paraibanos est\u00e3o se reinventando, em suas casas, para seguirem com a miss\u00e3o de educar as crian\u00e7as, adolescentes, jovens e adultos em contextos complexos como o vivenciado atualmente\u201d.&nbsp;&nbsp;&nbsp;<\/p>\n\n\n\n<p>Para al\u00e9m das videoaulas das etapas e componentes, ser\u00e3o exibidas tamb\u00e9m videoaulas vinculadas ao Programa Se Liga No Enem, com o intuito de dar um maior suporte aos estudantes e egressos que est\u00e3o em prepara\u00e7\u00e3o para o Exame Nacional do Ensino M\u00e9dio, bem como, programas de est\u00edmulo ao protagonismo estudantil e a forma\u00e7\u00e3o integral, por meio de exibi\u00e7\u00e3o de a\u00e7\u00f5es institucionais voltadas \u00e0 forma\u00e7\u00e3o nas \u00e1reas de sa\u00fade, cultura, esporte entre outros.&nbsp;&nbsp;<\/p>\n\n\n\n<p><strong>Materiais adicionais<\/strong><\/p>\n\n\n\n<p>Para al\u00e9m das videoaulas, os professores produziram roteiros de estudo que facilitam a compreens\u00e3o dos conte\u00fados ministrados, bem como, o aprofundamento por parte dos estudantes por meio de orienta\u00e7\u00f5es, quest\u00f5es, refer\u00eancias complementares, entre outros.&nbsp;<\/p>\n","protected":false},"excerpt":{"rendered":"<p>Os alunos da rede estadual de ensino da Para\u00edba passam a assistir aulas a partir da pr\u00f3xima semana, por meio da TV Para\u00edba Educa, que&hellip; <\/p>\n","protected":false},"author":2,"featured_media":176418,"comment_status":"closed","ping_status":"closed","sticky":false,"template":"","format":"standard","meta":{"sfsi_plus_gutenberg_text_before_share":"","sfsi_plus_gutenberg_show_text_before_share":"","sfsi_plus_gutenberg_icon_type":"","sfsi_plus_gutenberg_icon_alignemt":"","sfsi_plus_gutenburg_max_per_row":"","footnotes":""},"categories":[2],"tags":[],"class_list":["post-176417","post","type-post","status-publish","format-standard","has-post-thumbnail","hentry","category-geral"],"_links":{"self":[{"href":"https:\/\/www.caririemacao.com\/1\/wp-json\/wp\/v2\/posts\/176417","targetHints":{"allow":["GET"]}}],"collection":[{"href":"https:\/\/www.caririemacao.com\/1\/wp-json\/wp\/v2\/posts"}],"about":[{"href":"https:\/\/www.caririemacao.com\/1\/wp-json\/wp\/v2\/types\/post"}],"author":[{"embeddable":true,"href":"https:\/\/www.caririemacao.com\/1\/wp-json\/wp\/v2\/users\/2"}],"replies":[{"embeddable":true,"href":"https:\/\/www.caririemacao.com\/1\/wp-json\/wp\/v2\/comments?post=176417"}],"version-history":[{"count":1,"href":"https:\/\/www.caririemacao.com\/1\/wp-json\/wp\/v2\/posts\/176417\/revisions"}],"predecessor-version":[{"id":176419,"href":"https:\/\/www.caririemacao.com\/1\/wp-json\/wp\/v2\/posts\/176417\/revisions\/176419"}],"wp:featuredmedia":[{"embeddable":true,"href":"https:\/\/www.caririemacao.com\/1\/wp-json\/wp\/v2\/media\/176418"}],"wp:attachment":[{"href":"https:\/\/www.caririemacao.com\/1\/wp-json\/wp\/v2\/media?parent=176417"}],"wp:term":[{"taxonomy":"category","embeddable":true,"href":"https:\/\/www.caririemacao.com\/1\/wp-json\/wp\/v2\/categories?post=176417"},{"taxonomy":"post_tag","embeddable":true,"href":"https:\/\/www.caririemacao.com\/1\/wp-json\/wp\/v2\/tags?post=176417"}],"curies":[{"name":"wp","href":"https:\/\/api.w.org\/{rel}","templated":true}]}}