{"id":176421,"date":"2020-06-29T13:02:03","date_gmt":"2020-06-29T16:02:03","guid":{"rendered":"https:\/\/www.caririemacao.com\/1\/?p=176421"},"modified":"2020-06-29T13:02:03","modified_gmt":"2020-06-29T16:02:03","slug":"auxilio-emergencial-caixa-paga-3a-parcela-a-19-milhao-de-beneficiarios-do-bolsa-familia-nesta-segunda-feira","status":"publish","type":"post","link":"https:\/\/www.caririemacao.com\/1\/2020\/06\/29\/auxilio-emergencial-caixa-paga-3a-parcela-a-19-milhao-de-beneficiarios-do-bolsa-familia-nesta-segunda-feira\/","title":{"rendered":"Aux\u00edlio Emergencial: Caixa paga 3\u00aa parcela a 1,9 milh\u00e3o de benefici\u00e1rios do Bolsa Fam\u00edlia nesta segunda-feira"},"content":{"rendered":"\n<h1 class=\"wp-block-heading\"><\/h1>\n\n\n\n<p>A Caixa Econ\u00f4mica Federal (CEF) paga nesta segunda-feira (29) a terceira parcela do Aux\u00edlio Emergencial para 1,9 milh\u00e3o benefici\u00e1rios do Bolsa Fam\u00edlia qualificados no programa, cujo n\u00famero do NIS termina em 9. Os pagamentos para esse grupo s\u00e3o feitos da mesma forma que o Bolsa.<\/p>\n\n\n\n<p><strong>Demais benefici\u00e1rios<\/strong><\/p>\n\n\n\n<p>No s\u00e1bado, come\u00e7aram a receber a terceira parcela do benef\u00edcio os trabalhadores fora do Bolsa Fam\u00edlia. A Caixa tamb\u00e9m come\u00e7ou a pagar a segunda parcela para o segundo lote de aprovados no benef\u00edcio, e a primeira para o quarto lote de aprovados.<\/p>\n\n\n\n<p>O pagamento da segunda parcela para o terceiro lote de aprovados, assim como da segunda e terceira para os lotes seguintes, segue sem defini\u00e7\u00e3o.<\/p>\n\n\n\n<p><strong>Balan\u00e7o<\/strong><\/p>\n\n\n\n<p>Guimar\u00e3es informou que 64,1 milh\u00f5es de benefici\u00e1rios j\u00e1 receberam o Aux\u00edlio Emergencial, totalizando R$ 90,8 bilh\u00f5es: R$ 40,9 bilh\u00f5es para inscritos no Bolsa Fam\u00edlia, R$ 14 bilh\u00f5es para inscritos no Cad\u00danico e R$ 35,9 bilh\u00f5es para inscritos pelo app\/site do aux\u00edlio. A maior parte foi paga no Nordeste (R$ 33 bilh\u00f5es).<\/p>\n\n\n\n<p>Das 108,4 milh\u00f5es de pessoas cadastradas no programa, 106,3 milh\u00f5es de cadastros foram processados. Foram considerados eleg\u00edveis 64,1 milh\u00f5es de benefici\u00e1rios, outros 42,2 milh\u00f5es foram considerados ineleg\u00edveis, 2 milh\u00f5es est\u00e3o em primeira an\u00e1lise e 1,3 milh\u00e3o est\u00e3o em rean\u00e1lise.<\/p>\n\n\n\n<p>Os trabalhadores podem consultar a situa\u00e7\u00e3o do benef\u00edcio pelo aplicativo do aux\u00edlio emergencial ou pelo site auxilio.caixa.gov.br.<\/p>\n","protected":false},"excerpt":{"rendered":"<p>A Caixa Econ\u00f4mica Federal (CEF) paga nesta segunda-feira (29) a terceira parcela do Aux\u00edlio Emergencial para 1,9 milh\u00e3o benefici\u00e1rios do Bolsa Fam\u00edlia qualificados no programa,&hellip; <\/p>\n","protected":false},"author":2,"featured_media":176422,"comment_status":"closed","ping_status":"closed","sticky":false,"template":"","format":"standard","meta":{"sfsi_plus_gutenberg_text_before_share":"","sfsi_plus_gutenberg_show_text_before_share":"","sfsi_plus_gutenberg_icon_type":"","sfsi_plus_gutenberg_icon_alignemt":"","sfsi_plus_gutenburg_max_per_row":"","footnotes":""},"categories":[50,2],"tags":[],"class_list":["post-176421","post","type-post","status-publish","format-standard","has-post-thumbnail","hentry","category-destaque","category-geral"],"_links":{"self":[{"href":"https:\/\/www.caririemacao.com\/1\/wp-json\/wp\/v2\/posts\/176421","targetHints":{"allow":["GET"]}}],"collection":[{"href":"https:\/\/www.caririemacao.com\/1\/wp-json\/wp\/v2\/posts"}],"about":[{"href":"https:\/\/www.caririemacao.com\/1\/wp-json\/wp\/v2\/types\/post"}],"author":[{"embeddable":true,"href":"https:\/\/www.caririemacao.com\/1\/wp-json\/wp\/v2\/users\/2"}],"replies":[{"embeddable":true,"href":"https:\/\/www.caririemacao.com\/1\/wp-json\/wp\/v2\/comments?post=176421"}],"version-history":[{"count":1,"href":"https:\/\/www.caririemacao.com\/1\/wp-json\/wp\/v2\/posts\/176421\/revisions"}],"predecessor-version":[{"id":176423,"href":"https:\/\/www.caririemacao.com\/1\/wp-json\/wp\/v2\/posts\/176421\/revisions\/176423"}],"wp:featuredmedia":[{"embeddable":true,"href":"https:\/\/www.caririemacao.com\/1\/wp-json\/wp\/v2\/media\/176422"}],"wp:attachment":[{"href":"https:\/\/www.caririemacao.com\/1\/wp-json\/wp\/v2\/media?parent=176421"}],"wp:term":[{"taxonomy":"category","embeddable":true,"href":"https:\/\/www.caririemacao.com\/1\/wp-json\/wp\/v2\/categories?post=176421"},{"taxonomy":"post_tag","embeddable":true,"href":"https:\/\/www.caririemacao.com\/1\/wp-json\/wp\/v2\/tags?post=176421"}],"curies":[{"name":"wp","href":"https:\/\/api.w.org\/{rel}","templated":true}]}}