{"id":176425,"date":"2020-06-29T13:06:30","date_gmt":"2020-06-29T16:06:30","guid":{"rendered":"https:\/\/www.caririemacao.com\/1\/?p=176425"},"modified":"2020-06-29T13:06:30","modified_gmt":"2020-06-29T16:06:30","slug":"governo-da-paraiba-paga-funcionalismo-publico-a-partir-desta-segunda-29","status":"publish","type":"post","link":"https:\/\/www.caririemacao.com\/1\/2020\/06\/29\/governo-da-paraiba-paga-funcionalismo-publico-a-partir-desta-segunda-29\/","title":{"rendered":"Governo da Para\u00edba paga funcionalismo p\u00fablico a partir desta segunda (29)"},"content":{"rendered":"\n<h3 class=\"wp-block-heading\"><br><\/h3>\n\n\n\n<hr class=\"wp-block-separator\"\/>\n\n\n\n<p>O Governo da Para\u00edba confirmou o pagamento dos&nbsp;<strong>sal\u00e1rios de junho dos servidores estaduais<\/strong>&nbsp;a partir desta segunda (29) e ter\u00e7a-feira (30). No primeiro dia, recebem os aposentados e pensionistas e no segundo dia, os servidores da ativa.<\/p>\n\n\n\n<p>\u201cApesar de o Estado contabilizar uma perda superior a R$ 220 milh\u00f5es em sua receita, devido \u00e0 pandemia do coronav\u00edrus, o Governo tem realizado todos os esfor\u00e7os para garantir o pagamento do funcionalismo p\u00fablico dentro do m\u00eas trabalhado\u201d, ressaltou o secret\u00e1rio da Fazenda, Marialvo Laureano.<\/p>\n","protected":false},"excerpt":{"rendered":"<p>O Governo da Para\u00edba confirmou o pagamento dos&nbsp;sal\u00e1rios de junho dos servidores estaduais&nbsp;a partir desta segunda (29) e ter\u00e7a-feira (30). No primeiro dia, recebem os&hellip; <\/p>\n","protected":false},"author":2,"featured_media":176426,"comment_status":"closed","ping_status":"closed","sticky":false,"template":"","format":"standard","meta":{"sfsi_plus_gutenberg_text_before_share":"","sfsi_plus_gutenberg_show_text_before_share":"","sfsi_plus_gutenberg_icon_type":"","sfsi_plus_gutenberg_icon_alignemt":"","sfsi_plus_gutenburg_max_per_row":"","footnotes":""},"categories":[11],"tags":[],"class_list":["post-176425","post","type-post","status-publish","format-standard","has-post-thumbnail","hentry","category-politica"],"_links":{"self":[{"href":"https:\/\/www.caririemacao.com\/1\/wp-json\/wp\/v2\/posts\/176425","targetHints":{"allow":["GET"]}}],"collection":[{"href":"https:\/\/www.caririemacao.com\/1\/wp-json\/wp\/v2\/posts"}],"about":[{"href":"https:\/\/www.caririemacao.com\/1\/wp-json\/wp\/v2\/types\/post"}],"author":[{"embeddable":true,"href":"https:\/\/www.caririemacao.com\/1\/wp-json\/wp\/v2\/users\/2"}],"replies":[{"embeddable":true,"href":"https:\/\/www.caririemacao.com\/1\/wp-json\/wp\/v2\/comments?post=176425"}],"version-history":[{"count":1,"href":"https:\/\/www.caririemacao.com\/1\/wp-json\/wp\/v2\/posts\/176425\/revisions"}],"predecessor-version":[{"id":176427,"href":"https:\/\/www.caririemacao.com\/1\/wp-json\/wp\/v2\/posts\/176425\/revisions\/176427"}],"wp:featuredmedia":[{"embeddable":true,"href":"https:\/\/www.caririemacao.com\/1\/wp-json\/wp\/v2\/media\/176426"}],"wp:attachment":[{"href":"https:\/\/www.caririemacao.com\/1\/wp-json\/wp\/v2\/media?parent=176425"}],"wp:term":[{"taxonomy":"category","embeddable":true,"href":"https:\/\/www.caririemacao.com\/1\/wp-json\/wp\/v2\/categories?post=176425"},{"taxonomy":"post_tag","embeddable":true,"href":"https:\/\/www.caririemacao.com\/1\/wp-json\/wp\/v2\/tags?post=176425"}],"curies":[{"name":"wp","href":"https:\/\/api.w.org\/{rel}","templated":true}]}}