{"id":176429,"date":"2020-06-29T13:11:13","date_gmt":"2020-06-29T16:11:13","guid":{"rendered":"https:\/\/www.caririemacao.com\/1\/?p=176429"},"modified":"2020-06-29T13:11:13","modified_gmt":"2020-06-29T16:11:13","slug":"governo-federal-quer-incentivar-municipios-a-promover-acoes-voltadas-para-a-familia","status":"publish","type":"post","link":"https:\/\/www.caririemacao.com\/1\/2020\/06\/29\/governo-federal-quer-incentivar-municipios-a-promover-acoes-voltadas-para-a-familia\/","title":{"rendered":"Governo Federal quer incentivar munic\u00edpios a promover a\u00e7\u00f5es voltadas para a fam\u00edlia"},"content":{"rendered":"\n<h3 class=\"wp-block-heading\"><\/h3>\n\n\n\n<hr class=\"wp-block-separator\"\/>\n\n\n\n<p>A partir de 1\u00ba de julho, prefeituras de todo o pa\u00eds poder\u00e3o se inscrever no Programa Munic\u00edpio Amigo da Fam\u00edlia (PMAF). A iniciativa \u00e9 promovida pelo Minist\u00e9rio da Mulher, da Fam\u00edlia e dos Direitos Humanos (MMFDH) e visa incentivar a\u00e7\u00f5es de implementa\u00e7\u00e3o de pol\u00edticas p\u00fablicas familiares.<\/p>\n\n\n\n<p>Os munic\u00edpios que desejam aderir ao&nbsp;<a href=\"http:\/\/www.in.gov.br\/en\/web\/dou\/-\/portaria-n-1.756-de-19-de-junho-de-2020-262969334\">programa<\/a>&nbsp;devem comprovar que promovem, no m\u00ednimo, seis das onze iniciativas para a valoriza\u00e7\u00e3o da fam\u00edlia indicadas pelo Governo Federal. Essas iniciativas est\u00e3o divididas em quatro \u00e1reas de atua\u00e7\u00e3o: planejamento de pol\u00edticas familiares; apoio \u00e0 maternidade e paternidade; promo\u00e7\u00e3o de vidas saud\u00e1veis e desporto e lazer para a fam\u00edlia.<\/p>\n\n\n\n<p>Em entrevista ao Brasil 61, a secret\u00e1ria Nacional da Fam\u00edlia, Angela Gandra, afirmou que investir na fam\u00edlia \u00e9 positivo para o crescimento do pa\u00eds. \u201cN\u00f3s queremos criar essa cultura de fam\u00edlia visando o verdadeiro desenvolvimento econ\u00f4mico e social e, se n\u00f3s fortalecemos a base, o alicerce da sociedade, n\u00f3s vamos ter, efetivamente, uma na\u00e7\u00e3o que vai florescer a partir da sua unidade\u201d, destacou.<\/p>\n","protected":false},"excerpt":{"rendered":"<p>A partir de 1\u00ba de julho, prefeituras de todo o pa\u00eds poder\u00e3o se inscrever no Programa Munic\u00edpio Amigo da Fam\u00edlia (PMAF). A iniciativa \u00e9 promovida&hellip; <\/p>\n","protected":false},"author":2,"featured_media":176430,"comment_status":"closed","ping_status":"closed","sticky":false,"template":"","format":"standard","meta":{"sfsi_plus_gutenberg_text_before_share":"","sfsi_plus_gutenberg_show_text_before_share":"","sfsi_plus_gutenberg_icon_type":"","sfsi_plus_gutenberg_icon_alignemt":"","sfsi_plus_gutenburg_max_per_row":"","footnotes":""},"categories":[50,11],"tags":[],"class_list":["post-176429","post","type-post","status-publish","format-standard","has-post-thumbnail","hentry","category-destaque","category-politica"],"_links":{"self":[{"href":"https:\/\/www.caririemacao.com\/1\/wp-json\/wp\/v2\/posts\/176429","targetHints":{"allow":["GET"]}}],"collection":[{"href":"https:\/\/www.caririemacao.com\/1\/wp-json\/wp\/v2\/posts"}],"about":[{"href":"https:\/\/www.caririemacao.com\/1\/wp-json\/wp\/v2\/types\/post"}],"author":[{"embeddable":true,"href":"https:\/\/www.caririemacao.com\/1\/wp-json\/wp\/v2\/users\/2"}],"replies":[{"embeddable":true,"href":"https:\/\/www.caririemacao.com\/1\/wp-json\/wp\/v2\/comments?post=176429"}],"version-history":[{"count":1,"href":"https:\/\/www.caririemacao.com\/1\/wp-json\/wp\/v2\/posts\/176429\/revisions"}],"predecessor-version":[{"id":176431,"href":"https:\/\/www.caririemacao.com\/1\/wp-json\/wp\/v2\/posts\/176429\/revisions\/176431"}],"wp:featuredmedia":[{"embeddable":true,"href":"https:\/\/www.caririemacao.com\/1\/wp-json\/wp\/v2\/media\/176430"}],"wp:attachment":[{"href":"https:\/\/www.caririemacao.com\/1\/wp-json\/wp\/v2\/media?parent=176429"}],"wp:term":[{"taxonomy":"category","embeddable":true,"href":"https:\/\/www.caririemacao.com\/1\/wp-json\/wp\/v2\/categories?post=176429"},{"taxonomy":"post_tag","embeddable":true,"href":"https:\/\/www.caririemacao.com\/1\/wp-json\/wp\/v2\/tags?post=176429"}],"curies":[{"name":"wp","href":"https:\/\/api.w.org\/{rel}","templated":true}]}}