{"id":176433,"date":"2020-06-29T13:16:19","date_gmt":"2020-06-29T16:16:19","guid":{"rendered":"https:\/\/www.caririemacao.com\/1\/?p=176433"},"modified":"2020-06-29T13:16:19","modified_gmt":"2020-06-29T16:16:19","slug":"fnde-prorroga-prazos-de-formalizacao-e-aditamento-do-fies","status":"publish","type":"post","link":"https:\/\/www.caririemacao.com\/1\/2020\/06\/29\/fnde-prorroga-prazos-de-formalizacao-e-aditamento-do-fies\/","title":{"rendered":"FNDE prorroga prazos de formaliza\u00e7\u00e3o e aditamento do Fies"},"content":{"rendered":"\n<h1 class=\"wp-block-heading\"><\/h1>\n\n\n\n<p>O Fundo Nacional de Desenvolvimento da Educa\u00e7\u00e3o (FNDE) prorrogou, at\u00e9 31 de julho, os prazos para valida\u00e7\u00e3o das inscri\u00e7\u00f5es pelas Comiss\u00f5es Permanentes de Supervis\u00e3o e Acompanhamento e para formaliza\u00e7\u00e3o junto ao banco da contrata\u00e7\u00e3o do Fundo de Financiamento Estudantil (Fies).&nbsp;<\/p>\n\n\n\n<p>De acordo com a portaria publicada hoje (29) no Di\u00e1rio Oficial da Uni\u00e3o, a decis\u00e3o foi tomada em raz\u00e3o das medidas de enfrentamento \u00e0 pandemia de covid-19.<\/p>\n\n\n\n<p>A prorroga\u00e7\u00e3o \u00e9 referente \u00e0s inscri\u00e7\u00f5es do primeiro semestre deste ano que est\u00e3o vencidas. A Comiss\u00e3o Permanente de Supervis\u00e3o e Acompanhamento \u00e9 o \u00f3rg\u00e3o da institui\u00e7\u00e3o de ensino respons\u00e1vel pela valida\u00e7\u00e3o das informa\u00e7\u00f5es prestadas pelo estudante no ato da inscri\u00e7\u00e3o.<\/p>\n\n\n\n<p>Segundo o documento, os Documentos de Regularidade de Inscri\u00e7\u00e3o, emitidos pelas comiss\u00f5es e que tiveram os seus prazos de validade expirados, tamb\u00e9m dever\u00e3o ser acatados pelos agentes financeiros do Fies, para contrata\u00e7\u00e3o do financiamento, at\u00e9 31 de julho.<\/p>\n\n\n\n<p>Em outra portaria, publicada na edi\u00e7\u00e3o desta segunda-feira do Di\u00e1rio Oficial da Uni\u00e3o, o FNDE prorrogou para 30 de setembro de 2020 o prazo para a realiza\u00e7\u00e3o dos aditamentos de renova\u00e7\u00e3o semestral dos contratos do Fies, simplificados e n\u00e3o simplificados, do primeiro semestre de 2020. Os aditamentos s\u00e3o realizados por meio do SisFies.<\/p>\n\n\n\n<p>O prazo ser\u00e1 o mesmo para a realiza\u00e7\u00e3o de transfer\u00eancia integral de curso ou de institui\u00e7\u00e3o de ensino e de solicita\u00e7\u00e3o de dilata\u00e7\u00e3o do prazo de utiliza\u00e7\u00e3o do financiamento. Nesse caso, os Documentos de Regularidade de Matr\u00edcula emitidos pelas comiss\u00f5es e que j\u00e1 expiraram tamb\u00e9m dever\u00e3o ser acatados pelos bancos.<\/p>\n","protected":false},"excerpt":{"rendered":"<p>O Fundo Nacional de Desenvolvimento da Educa\u00e7\u00e3o (FNDE) prorrogou, at\u00e9 31 de julho, os prazos para valida\u00e7\u00e3o das inscri\u00e7\u00f5es pelas Comiss\u00f5es Permanentes de Supervis\u00e3o e&hellip; <\/p>\n","protected":false},"author":2,"featured_media":176434,"comment_status":"closed","ping_status":"closed","sticky":false,"template":"","format":"standard","meta":{"sfsi_plus_gutenberg_text_before_share":"","sfsi_plus_gutenberg_show_text_before_share":"","sfsi_plus_gutenberg_icon_type":"","sfsi_plus_gutenberg_icon_alignemt":"","sfsi_plus_gutenburg_max_per_row":"","footnotes":""},"categories":[14],"tags":[],"class_list":["post-176433","post","type-post","status-publish","format-standard","has-post-thumbnail","hentry","category-educacao"],"_links":{"self":[{"href":"https:\/\/www.caririemacao.com\/1\/wp-json\/wp\/v2\/posts\/176433","targetHints":{"allow":["GET"]}}],"collection":[{"href":"https:\/\/www.caririemacao.com\/1\/wp-json\/wp\/v2\/posts"}],"about":[{"href":"https:\/\/www.caririemacao.com\/1\/wp-json\/wp\/v2\/types\/post"}],"author":[{"embeddable":true,"href":"https:\/\/www.caririemacao.com\/1\/wp-json\/wp\/v2\/users\/2"}],"replies":[{"embeddable":true,"href":"https:\/\/www.caririemacao.com\/1\/wp-json\/wp\/v2\/comments?post=176433"}],"version-history":[{"count":1,"href":"https:\/\/www.caririemacao.com\/1\/wp-json\/wp\/v2\/posts\/176433\/revisions"}],"predecessor-version":[{"id":176435,"href":"https:\/\/www.caririemacao.com\/1\/wp-json\/wp\/v2\/posts\/176433\/revisions\/176435"}],"wp:featuredmedia":[{"embeddable":true,"href":"https:\/\/www.caririemacao.com\/1\/wp-json\/wp\/v2\/media\/176434"}],"wp:attachment":[{"href":"https:\/\/www.caririemacao.com\/1\/wp-json\/wp\/v2\/media?parent=176433"}],"wp:term":[{"taxonomy":"category","embeddable":true,"href":"https:\/\/www.caririemacao.com\/1\/wp-json\/wp\/v2\/categories?post=176433"},{"taxonomy":"post_tag","embeddable":true,"href":"https:\/\/www.caririemacao.com\/1\/wp-json\/wp\/v2\/tags?post=176433"}],"curies":[{"name":"wp","href":"https:\/\/api.w.org\/{rel}","templated":true}]}}