{"id":176437,"date":"2020-06-29T13:19:25","date_gmt":"2020-06-29T16:19:25","guid":{"rendered":"https:\/\/www.caririemacao.com\/1\/?p=176437"},"modified":"2020-06-29T13:19:25","modified_gmt":"2020-06-29T16:19:25","slug":"ibge-cai-o-numero-de-afastados-do-trabalho-por-pandemia","status":"publish","type":"post","link":"https:\/\/www.caririemacao.com\/1\/2020\/06\/29\/ibge-cai-o-numero-de-afastados-do-trabalho-por-pandemia\/","title":{"rendered":"IBGE: cai o n\u00famero de afastados do trabalho por pandemia"},"content":{"rendered":"\n<h1 class=\"wp-block-heading\"><\/h1>\n\n\n\n<p>Os dados s\u00e3o da pesquisa Pnad Covid, criada pelo instituto para identificar os efeitos da pandemia no mercado de trabalho e na sa\u00fade dos brasileiros. Nesta sexta, o IBGE divulgou informa\u00e7\u00f5es relativas ao per\u00edodo entre os dias 31 de maio e 6 de junho.<\/p>\n\n\n\n<p>Segundo a pesquisa, 13,5 milh\u00f5es de trabalhadores (o equivalente a 16,1% da popula\u00e7\u00e3o ocupada)estavam afastados do trabalho na primeira semana de junho. S\u00e3o 3,1 milh\u00f5es a menos do que um m\u00eas antes e 1,1 milh\u00e3o a menos do que o verificado na semana anterior.<\/p>\n\n\n\n<p>O IBGE n\u00e3o analisou os motivos da queda, mas o movimento coincide com o retorno das atividades de atividades comerciais e de servi\u00e7os em estados que relaxaram as medidas de isolamento social e com a retomada da produ\u00e7\u00e3o de importantes setores industriais, como o automobil\u00edstico.<\/p>\n\n\n\n<p>Os dados indicam que n\u00e3o houve melhoria do emprego. A popula\u00e7\u00e3o ocupada na primeira semana de junho (83,7 milh\u00f5es de pessoas) ficou praticamente est\u00e1vel em rela\u00e7\u00e3o \u00e0 semana anterior (84,4 milh\u00f5es de pessoas) e \u00e0 primeira semana de maio (83,9 milh\u00f5es).<\/p>\n\n\n\n<p>Assim, o n\u00edvel de ocupa\u00e7\u00e3o no in\u00edcio de junho foi de 49,3% (isto \u00e9, pouco menos da metade da popula\u00e7\u00e3o em idade de trabalhar tinha emprego naquela semana).<\/p>\n\n\n\n<p>Na \u00faltima semana de maio, era de 49,7% e na primeira de maio, 49,4%. Taxas menores que 50% est\u00e3o sendo vistas pela primeira vez na hist\u00f3ria durante a pandemia.<\/p>\n\n\n\n<p>A popula\u00e7\u00e3o desempregada no pa\u00eds era de 11,2 milh\u00f5es de pessoas na primeira semana de junho, praticamente est\u00e1vel em rela\u00e7\u00e3o aos 10,9 milh\u00f5es verificados na semana anterior. Em compara\u00e7\u00e3o com a primeira semana de maio (9,8 milh\u00f5es de pessoas), houve crescimento.<\/p>\n","protected":false},"excerpt":{"rendered":"<p>Os dados s\u00e3o da pesquisa Pnad Covid, criada pelo instituto para identificar os efeitos da pandemia no mercado de trabalho e na sa\u00fade dos brasileiros.&hellip; <\/p>\n","protected":false},"author":2,"featured_media":176438,"comment_status":"closed","ping_status":"closed","sticky":false,"template":"","format":"standard","meta":{"sfsi_plus_gutenberg_text_before_share":"","sfsi_plus_gutenberg_show_text_before_share":"","sfsi_plus_gutenberg_icon_type":"","sfsi_plus_gutenberg_icon_alignemt":"","sfsi_plus_gutenburg_max_per_row":"","footnotes":""},"categories":[2],"tags":[],"class_list":["post-176437","post","type-post","status-publish","format-standard","has-post-thumbnail","hentry","category-geral"],"_links":{"self":[{"href":"https:\/\/www.caririemacao.com\/1\/wp-json\/wp\/v2\/posts\/176437","targetHints":{"allow":["GET"]}}],"collection":[{"href":"https:\/\/www.caririemacao.com\/1\/wp-json\/wp\/v2\/posts"}],"about":[{"href":"https:\/\/www.caririemacao.com\/1\/wp-json\/wp\/v2\/types\/post"}],"author":[{"embeddable":true,"href":"https:\/\/www.caririemacao.com\/1\/wp-json\/wp\/v2\/users\/2"}],"replies":[{"embeddable":true,"href":"https:\/\/www.caririemacao.com\/1\/wp-json\/wp\/v2\/comments?post=176437"}],"version-history":[{"count":1,"href":"https:\/\/www.caririemacao.com\/1\/wp-json\/wp\/v2\/posts\/176437\/revisions"}],"predecessor-version":[{"id":176439,"href":"https:\/\/www.caririemacao.com\/1\/wp-json\/wp\/v2\/posts\/176437\/revisions\/176439"}],"wp:featuredmedia":[{"embeddable":true,"href":"https:\/\/www.caririemacao.com\/1\/wp-json\/wp\/v2\/media\/176438"}],"wp:attachment":[{"href":"https:\/\/www.caririemacao.com\/1\/wp-json\/wp\/v2\/media?parent=176437"}],"wp:term":[{"taxonomy":"category","embeddable":true,"href":"https:\/\/www.caririemacao.com\/1\/wp-json\/wp\/v2\/categories?post=176437"},{"taxonomy":"post_tag","embeddable":true,"href":"https:\/\/www.caririemacao.com\/1\/wp-json\/wp\/v2\/tags?post=176437"}],"curies":[{"name":"wp","href":"https:\/\/api.w.org\/{rel}","templated":true}]}}