{"id":176441,"date":"2020-06-29T13:22:42","date_gmt":"2020-06-29T16:22:42","guid":{"rendered":"https:\/\/www.caririemacao.com\/1\/?p=176441"},"modified":"2020-06-29T13:22:42","modified_gmt":"2020-06-29T16:22:42","slug":"contribuinte-tem-pouco-tempo-para-declarar-o-imposto-de-renda","status":"publish","type":"post","link":"https:\/\/www.caririemacao.com\/1\/2020\/06\/29\/contribuinte-tem-pouco-tempo-para-declarar-o-imposto-de-renda\/","title":{"rendered":"Contribuinte tem pouco tempo para declarar o Imposto de Renda"},"content":{"rendered":"\n<h1 class=\"wp-block-heading\"><\/h1>\n\n\n\n<p>Inicialmente, a data limite para o envio era 30 de abril, mas o prazo foi prorrogado em raz\u00e3o da pandemia.<\/p>\n\n\n\n<p>O contribuinte que n\u00e3o fizer a declara\u00e7\u00e3o ou entreg\u00e1-la fora do prazo fica sujeito a multa, que varia de R$ 165,74 a at\u00e9 20% do imposto devido.<\/p>\n\n\n\n<p>Devem fazer a declara\u00e7\u00e3o todos que, em 2019, tiveram renda tribut\u00e1vel superior a R$ 28.559,70 ou renda isenta n\u00e3o tributada ou tributada na fonte acima de R$ 40 mil.<\/p>\n\n\n\n<p>Aqueles que tiveram ganho de capital no ano passado (com opera\u00e7\u00f5es na Bolsa de Valores ou na venda de bens ou direitos sujeitos \u00e0 incid\u00eancia do imposto, por exemplo) tamb\u00e9m devem declarar.<\/p>\n\n\n\n<p>Em rela\u00e7\u00e3o \u00e0 atividade rural, quem obteve renda bruta anual superior a R$ 142.798,50 com produ\u00e7\u00e3o agr\u00edcola em 2019 ou que busque compensar preju\u00edzos de anos-calend\u00e1rios anteriores tamb\u00e9m deve prestar contas \u00e0 Receita.<\/p>\n\n\n\n<p>Quem passou a ser residente no Brasil em 2019 ou que tinha, em 31 de dezembro, bens acima de R$ 300 mil, tamb\u00e9m s\u00e3o obrigados a declarar.<\/p>\n\n\n\n<p>N\u00e3o h\u00e1 teto para dedu\u00e7\u00e3o de gastos com sa\u00fade. Para gastos com educa\u00e7\u00e3o, o limite de dedu\u00e7\u00e3o \u00e9 de R$ 3.561,50. No caso de dependentes, o limite de abatimento \u00e9 de R$ 2.275,08.<\/p>\n\n\n\n<p>H\u00e1 tr\u00eas formas de fazer a declara\u00e7\u00e3o. Pelo computador, o contribuinte tem acesso ao PGD (Programa Gerador de Declara\u00e7\u00e3o) 2020, dispon\u00edvel no site da Receita, ou pelo servi\u00e7o \u201cMeu Imposto de Renda\u201d, dispon\u00edvel no Portal e-CAC.<\/p>\n\n\n\n<p>\u00c9 poss\u00edvel declarar pelo aplicativo \u201cMeu Imposto de Renda\u201d via dispositivos m\u00f3veis (como celulares e tablets).<\/p>\n\n\n\n<p>O primeiro lote de restitui\u00e7\u00f5es foi pago no final de maio para quem j\u00e1 entregou a declara\u00e7\u00e3o. O segundo lote deve come\u00e7ar a ser pago em 30 de junho -o maior lote de restitui\u00e7\u00f5es da hist\u00f3ria, com R$ 5,7 bilh\u00f5es pagos a cerca de 3,3 milh\u00f5es contribuintes.<\/p>\n\n\n\n<p>O cronograma de pagamento das restitui\u00e7\u00f5es vai at\u00e9 30 de setembro.<\/p>\n","protected":false},"excerpt":{"rendered":"<p>Inicialmente, a data limite para o envio era 30 de abril, mas o prazo foi prorrogado em raz\u00e3o da pandemia. O contribuinte que n\u00e3o fizer&hellip; <\/p>\n","protected":false},"author":2,"featured_media":176442,"comment_status":"closed","ping_status":"closed","sticky":false,"template":"","format":"standard","meta":{"sfsi_plus_gutenberg_text_before_share":"","sfsi_plus_gutenberg_show_text_before_share":"","sfsi_plus_gutenberg_icon_type":"","sfsi_plus_gutenberg_icon_alignemt":"","sfsi_plus_gutenburg_max_per_row":"","footnotes":""},"categories":[2],"tags":[],"class_list":["post-176441","post","type-post","status-publish","format-standard","has-post-thumbnail","hentry","category-geral"],"_links":{"self":[{"href":"https:\/\/www.caririemacao.com\/1\/wp-json\/wp\/v2\/posts\/176441","targetHints":{"allow":["GET"]}}],"collection":[{"href":"https:\/\/www.caririemacao.com\/1\/wp-json\/wp\/v2\/posts"}],"about":[{"href":"https:\/\/www.caririemacao.com\/1\/wp-json\/wp\/v2\/types\/post"}],"author":[{"embeddable":true,"href":"https:\/\/www.caririemacao.com\/1\/wp-json\/wp\/v2\/users\/2"}],"replies":[{"embeddable":true,"href":"https:\/\/www.caririemacao.com\/1\/wp-json\/wp\/v2\/comments?post=176441"}],"version-history":[{"count":1,"href":"https:\/\/www.caririemacao.com\/1\/wp-json\/wp\/v2\/posts\/176441\/revisions"}],"predecessor-version":[{"id":176443,"href":"https:\/\/www.caririemacao.com\/1\/wp-json\/wp\/v2\/posts\/176441\/revisions\/176443"}],"wp:featuredmedia":[{"embeddable":true,"href":"https:\/\/www.caririemacao.com\/1\/wp-json\/wp\/v2\/media\/176442"}],"wp:attachment":[{"href":"https:\/\/www.caririemacao.com\/1\/wp-json\/wp\/v2\/media?parent=176441"}],"wp:term":[{"taxonomy":"category","embeddable":true,"href":"https:\/\/www.caririemacao.com\/1\/wp-json\/wp\/v2\/categories?post=176441"},{"taxonomy":"post_tag","embeddable":true,"href":"https:\/\/www.caririemacao.com\/1\/wp-json\/wp\/v2\/tags?post=176441"}],"curies":[{"name":"wp","href":"https:\/\/api.w.org\/{rel}","templated":true}]}}