{"id":176445,"date":"2020-06-29T13:49:47","date_gmt":"2020-06-29T16:49:47","guid":{"rendered":"https:\/\/www.caririemacao.com\/1\/?p=176445"},"modified":"2020-06-29T13:49:47","modified_gmt":"2020-06-29T16:49:47","slug":"covid-19-ans-torna-obrigatoria-cobertura-de-teste-por-planos-de-saude","status":"publish","type":"post","link":"https:\/\/www.caririemacao.com\/1\/2020\/06\/29\/covid-19-ans-torna-obrigatoria-cobertura-de-teste-por-planos-de-saude\/","title":{"rendered":"Covid-19: ANS torna obrigat\u00f3ria cobertura de teste por planos de sa\u00fade"},"content":{"rendered":"\n<h1 class=\"wp-block-heading\"><\/h1>\n\n\n\n<p>A Ag\u00eancia Nacional de Sa\u00fade Suplementar (ANS) decidiu incluir, no rol de procedimentos obrigat\u00f3rios a serem atendidos por planos de sa\u00fade, os testes para confirma\u00e7\u00e3o de infec\u00e7\u00e3o pelo novo coronav\u00edrus, que causa a covid-19. A&nbsp;Resolu\u00e7\u00e3o Normativa 458, de 2020, que inclui os exames laboratoriais, foi publicada&nbsp;hoje&nbsp;(29) no&nbsp;<em>Di\u00e1rio Oficial da Uni\u00e3o<\/em>.<img decoding=\"async\" data-src=\"https:\/\/agenciabrasil.ebc.com.br\/ebc.png?id=1310477&amp;o=node\" alt=\"Para\u00edba Online \u2022 Covid-19: ANS torna obrigat\u00f3ria cobertura de teste por planos de sa\u00fade\" src=\"data:image\/svg+xml;base64,PHN2ZyB3aWR0aD0iMSIgaGVpZ2h0PSIxIiB4bWxucz0iaHR0cDovL3d3dy53My5vcmcvMjAwMC9zdmciPjwvc3ZnPg==\" class=\"lazyload\"><\/p>\n\n\n\n<p>As pesquisas de anticorpos IgA, IgC ou IgM ser\u00e3o obrigat\u00f3rias&nbsp;para os planos de sa\u00fade nas segmenta\u00e7\u00f5es ambulatorial, hospitalar (com ou sem obstetr\u00edcia) e refer\u00eancia, nos casos em que o paciente apresente ou tenha apresentado alguns quadros cl\u00ednicos.<\/p>\n\n\n\n<p>Entre esses quadros cl\u00ednicos est\u00e3o&nbsp;gripe com quadro respirat\u00f3rio agudo (com febre, tosse, dor de garanta, coriza ou dificuldade respirat\u00f3ria) e s\u00edndrome respirat\u00f3ria aguda grave (dificuldade para respirar, press\u00e3o persistente no t\u00f3rax, satura\u00e7\u00e3o de oxig\u00eanio menor que 95% em ar ambiente ou colora\u00e7\u00e3o azulada nos l\u00e1bios e rosto).<\/p>\n\n\n\n<p>A inclus\u00e3o&nbsp;dos exames no rol de procedimentos obrigat\u00f3rios para planos de sa\u00fade foi tomada em&nbsp;reuni\u00e3o colegiada da ANS na semana passada, em cumprimento a uma decis\u00e3o judicial.<\/p>\n","protected":false},"excerpt":{"rendered":"<p>A Ag\u00eancia Nacional de Sa\u00fade Suplementar (ANS) decidiu incluir, no rol de procedimentos obrigat\u00f3rios a serem atendidos por planos de sa\u00fade, os testes para confirma\u00e7\u00e3o&hellip; <\/p>\n","protected":false},"author":2,"featured_media":176446,"comment_status":"closed","ping_status":"closed","sticky":false,"template":"","format":"standard","meta":{"sfsi_plus_gutenberg_text_before_share":"","sfsi_plus_gutenberg_show_text_before_share":"","sfsi_plus_gutenberg_icon_type":"","sfsi_plus_gutenberg_icon_alignemt":"","sfsi_plus_gutenburg_max_per_row":"","footnotes":""},"categories":[2],"tags":[],"class_list":["post-176445","post","type-post","status-publish","format-standard","has-post-thumbnail","hentry","category-geral"],"_links":{"self":[{"href":"https:\/\/www.caririemacao.com\/1\/wp-json\/wp\/v2\/posts\/176445","targetHints":{"allow":["GET"]}}],"collection":[{"href":"https:\/\/www.caririemacao.com\/1\/wp-json\/wp\/v2\/posts"}],"about":[{"href":"https:\/\/www.caririemacao.com\/1\/wp-json\/wp\/v2\/types\/post"}],"author":[{"embeddable":true,"href":"https:\/\/www.caririemacao.com\/1\/wp-json\/wp\/v2\/users\/2"}],"replies":[{"embeddable":true,"href":"https:\/\/www.caririemacao.com\/1\/wp-json\/wp\/v2\/comments?post=176445"}],"version-history":[{"count":1,"href":"https:\/\/www.caririemacao.com\/1\/wp-json\/wp\/v2\/posts\/176445\/revisions"}],"predecessor-version":[{"id":176447,"href":"https:\/\/www.caririemacao.com\/1\/wp-json\/wp\/v2\/posts\/176445\/revisions\/176447"}],"wp:featuredmedia":[{"embeddable":true,"href":"https:\/\/www.caririemacao.com\/1\/wp-json\/wp\/v2\/media\/176446"}],"wp:attachment":[{"href":"https:\/\/www.caririemacao.com\/1\/wp-json\/wp\/v2\/media?parent=176445"}],"wp:term":[{"taxonomy":"category","embeddable":true,"href":"https:\/\/www.caririemacao.com\/1\/wp-json\/wp\/v2\/categories?post=176445"},{"taxonomy":"post_tag","embeddable":true,"href":"https:\/\/www.caririemacao.com\/1\/wp-json\/wp\/v2\/tags?post=176445"}],"curies":[{"name":"wp","href":"https:\/\/api.w.org\/{rel}","templated":true}]}}