{"id":176450,"date":"2020-06-29T13:55:06","date_gmt":"2020-06-29T16:55:06","guid":{"rendered":"https:\/\/www.caririemacao.com\/1\/?p=176450"},"modified":"2020-06-29T13:55:06","modified_gmt":"2020-06-29T16:55:06","slug":"pm-recupera-moto-com-restricao-de-furto","status":"publish","type":"post","link":"https:\/\/www.caririemacao.com\/1\/2020\/06\/29\/pm-recupera-moto-com-restricao-de-furto\/","title":{"rendered":"PM recupera moto com restri\u00e7\u00e3o de furto"},"content":{"rendered":"\n<p>Em patrulhamento de rotina nas proximidades do portal que d\u00e1 acesso \u00e0 cidade de Prata-PB, uma motocicleta de Honda CG 125 Fan, cor azul, com restri\u00e7\u00e3o de roubo e furto foi recuperada por policiais do 11\u00ba Batalh\u00e3o de Pol\u00edcia Militar, na manh\u00e3 do s\u00e1bado (27).<br>Ap\u00f3s fazer a consulta do ve\u00edculo por meio da placa, a guarni\u00e7\u00e3o constatou que havia a restri\u00e7\u00e3o. No local, n\u00e3o foram encontrados suspeitos e a motocicleta foi encaminhada para a Delegacia de Pol\u00edcia Civil de Monteiro.<\/p>\n\n\n\n<p><em>11\u00ba BPM \u2013 Batalh\u00e3o 1\u00ba SGT Ylton Sales Silva<\/em><br><em>Se\u00e7\u00e3o de Comunica\u00e7\u00e3o Social e Marketing Institucional do 11\u00ba BPM<\/em><\/p>\n","protected":false},"excerpt":{"rendered":"<p>Em patrulhamento de rotina nas proximidades do portal que d\u00e1 acesso \u00e0 cidade de Prata-PB, uma motocicleta de Honda CG 125 Fan, cor azul, com&hellip; <\/p>\n","protected":false},"author":1,"featured_media":167381,"comment_status":"closed","ping_status":"closed","sticky":false,"template":"","format":"standard","meta":{"sfsi_plus_gutenberg_text_before_share":"","sfsi_plus_gutenberg_show_text_before_share":"","sfsi_plus_gutenberg_icon_type":"","sfsi_plus_gutenberg_icon_alignemt":"","sfsi_plus_gutenburg_max_per_row":"","footnotes":""},"categories":[12],"tags":[],"class_list":["post-176450","post","type-post","status-publish","format-standard","has-post-thumbnail","hentry","category-policia"],"_links":{"self":[{"href":"https:\/\/www.caririemacao.com\/1\/wp-json\/wp\/v2\/posts\/176450","targetHints":{"allow":["GET"]}}],"collection":[{"href":"https:\/\/www.caririemacao.com\/1\/wp-json\/wp\/v2\/posts"}],"about":[{"href":"https:\/\/www.caririemacao.com\/1\/wp-json\/wp\/v2\/types\/post"}],"author":[{"embeddable":true,"href":"https:\/\/www.caririemacao.com\/1\/wp-json\/wp\/v2\/users\/1"}],"replies":[{"embeddable":true,"href":"https:\/\/www.caririemacao.com\/1\/wp-json\/wp\/v2\/comments?post=176450"}],"version-history":[{"count":1,"href":"https:\/\/www.caririemacao.com\/1\/wp-json\/wp\/v2\/posts\/176450\/revisions"}],"predecessor-version":[{"id":176454,"href":"https:\/\/www.caririemacao.com\/1\/wp-json\/wp\/v2\/posts\/176450\/revisions\/176454"}],"wp:featuredmedia":[{"embeddable":true,"href":"https:\/\/www.caririemacao.com\/1\/wp-json\/wp\/v2\/media\/167381"}],"wp:attachment":[{"href":"https:\/\/www.caririemacao.com\/1\/wp-json\/wp\/v2\/media?parent=176450"}],"wp:term":[{"taxonomy":"category","embeddable":true,"href":"https:\/\/www.caririemacao.com\/1\/wp-json\/wp\/v2\/categories?post=176450"},{"taxonomy":"post_tag","embeddable":true,"href":"https:\/\/www.caririemacao.com\/1\/wp-json\/wp\/v2\/tags?post=176450"}],"curies":[{"name":"wp","href":"https:\/\/api.w.org\/{rel}","templated":true}]}}