{"id":176455,"date":"2020-06-29T13:57:07","date_gmt":"2020-06-29T16:57:07","guid":{"rendered":"https:\/\/www.caririemacao.com\/1\/?p=176455"},"modified":"2020-06-29T13:57:07","modified_gmt":"2020-06-29T16:57:07","slug":"policia-militar-prende-acusado-de-agressao-e-desacato","status":"publish","type":"post","link":"https:\/\/www.caririemacao.com\/1\/2020\/06\/29\/policia-militar-prende-acusado-de-agressao-e-desacato\/","title":{"rendered":"Pol\u00edcia Militar prende acusado de agress\u00e3o e desacato"},"content":{"rendered":"\n<p>Por volta das 07h30min do s\u00e1bado (27), a Pol\u00edcia Militar atendeu uma um chamado pelo COPOM (190), denunciando que um homem de 20 anos de idade, estava jogando pedras nas pessoas e ve\u00edculos que transitavam nas imedia\u00e7\u00f5es.<\/p>\n\n\n\n<p>A ocorr\u00eancia se deu na Rua Abelardo Pereira dos Santos na cidade de Monteiro, o acusado ao ser abordado, n\u00e3o se identificou, desobedeceu e desacatou \u00e0 guarni\u00e7\u00e3o, que de imediato deu voz de pris\u00e3o e o imobilizou ap\u00f3s ter que usar o uso progressivo da for\u00e7a para cont\u00ea-lo. O mesmo foi conduzido \u00e0 Delegacia de Pol\u00edcia de Monteiro, onde foi apresentado \u00e0 autoridade de plant\u00e3o, para as medidas legais.<\/p>\n\n\n\n<p><em>11\u00ba BPM \u2013 Batalh\u00e3o 1\u00ba SGT Ylton Sales Silva<\/em><br><em>Se\u00e7\u00e3o de Comunica\u00e7\u00e3o Social e Marketing Institucional do 11\u00ba BPM<\/em><\/p>\n","protected":false},"excerpt":{"rendered":"<p>Por volta das 07h30min do s\u00e1bado (27), a Pol\u00edcia Militar atendeu uma um chamado pelo COPOM (190), denunciando que um homem de 20 anos de&hellip; <\/p>\n","protected":false},"author":1,"featured_media":164670,"comment_status":"closed","ping_status":"closed","sticky":false,"template":"","format":"standard","meta":{"sfsi_plus_gutenberg_text_before_share":"","sfsi_plus_gutenberg_show_text_before_share":"","sfsi_plus_gutenberg_icon_type":"","sfsi_plus_gutenberg_icon_alignemt":"","sfsi_plus_gutenburg_max_per_row":"","footnotes":""},"categories":[12],"tags":[],"class_list":["post-176455","post","type-post","status-publish","format-standard","has-post-thumbnail","hentry","category-policia"],"_links":{"self":[{"href":"https:\/\/www.caririemacao.com\/1\/wp-json\/wp\/v2\/posts\/176455","targetHints":{"allow":["GET"]}}],"collection":[{"href":"https:\/\/www.caririemacao.com\/1\/wp-json\/wp\/v2\/posts"}],"about":[{"href":"https:\/\/www.caririemacao.com\/1\/wp-json\/wp\/v2\/types\/post"}],"author":[{"embeddable":true,"href":"https:\/\/www.caririemacao.com\/1\/wp-json\/wp\/v2\/users\/1"}],"replies":[{"embeddable":true,"href":"https:\/\/www.caririemacao.com\/1\/wp-json\/wp\/v2\/comments?post=176455"}],"version-history":[{"count":1,"href":"https:\/\/www.caririemacao.com\/1\/wp-json\/wp\/v2\/posts\/176455\/revisions"}],"predecessor-version":[{"id":176458,"href":"https:\/\/www.caririemacao.com\/1\/wp-json\/wp\/v2\/posts\/176455\/revisions\/176458"}],"wp:featuredmedia":[{"embeddable":true,"href":"https:\/\/www.caririemacao.com\/1\/wp-json\/wp\/v2\/media\/164670"}],"wp:attachment":[{"href":"https:\/\/www.caririemacao.com\/1\/wp-json\/wp\/v2\/media?parent=176455"}],"wp:term":[{"taxonomy":"category","embeddable":true,"href":"https:\/\/www.caririemacao.com\/1\/wp-json\/wp\/v2\/categories?post=176455"},{"taxonomy":"post_tag","embeddable":true,"href":"https:\/\/www.caririemacao.com\/1\/wp-json\/wp\/v2\/tags?post=176455"}],"curies":[{"name":"wp","href":"https:\/\/api.w.org\/{rel}","templated":true}]}}