{"id":176459,"date":"2020-06-29T13:59:36","date_gmt":"2020-06-29T16:59:36","guid":{"rendered":"https:\/\/www.caririemacao.com\/1\/?p=176459"},"modified":"2020-06-29T13:59:36","modified_gmt":"2020-06-29T16:59:36","slug":"homem-e-preso-por-violencia-domestica-em-monteiro","status":"publish","type":"post","link":"https:\/\/www.caririemacao.com\/1\/2020\/06\/29\/homem-e-preso-por-violencia-domestica-em-monteiro\/","title":{"rendered":"Homem \u00e9 preso por viol\u00eancia dom\u00e9stica em Monteiro"},"content":{"rendered":"\n<p>Por volta das 02h10min do domingo (28) a pol\u00edcia recebeu um chamado via COPOM (190), informando que em uma rua do Conjunto Mutir\u00e3o havia um indiv\u00edduo agredindo a irm\u00e3.<\/p>\n\n\n\n<p>De imediato a guarni\u00e7\u00e3o foi ao local informado, onde localizou a v\u00edtima, a qual informou que ela, o acusado que \u00e9 seu irm\u00e3o e uma ex-namorada do acusado estavam bebendo em sua resid\u00eancia, quando o acusado come\u00e7ou a apresentar ci\u00fames de sua ex, passando a implicar com a mesma, motivo esse que a v\u00edtima tentou intervir e foi agredida fisicamente por seu irm\u00e3o que tamb\u00e9m a amea\u00e7ou de morte.<\/p>\n\n\n\n<p>O acusado com 23 anos de idade ao avistar os policiais, tentou evadir-se do local pulando o muro da resid\u00eancia, por\u00e9m, foi capturado e conduzido para a Delegacia de Pol\u00edcia Civil de Monteiro.<\/p>\n\n\n\n<p><em>11\u00ba BPM \u2013 Batalh\u00e3o 1\u00ba SGT Ylton Sales Silva<\/em><br><em>Se\u00e7\u00e3o de Comunica\u00e7\u00e3o Social e Marketing Institucional do 11\u00ba BPM<\/em><\/p>\n","protected":false},"excerpt":{"rendered":"<p>Por volta das 02h10min do domingo (28) a pol\u00edcia recebeu um chamado via COPOM (190), informando que em uma rua do Conjunto Mutir\u00e3o havia um&hellip; <\/p>\n","protected":false},"author":1,"featured_media":156647,"comment_status":"closed","ping_status":"closed","sticky":false,"template":"","format":"standard","meta":{"sfsi_plus_gutenberg_text_before_share":"","sfsi_plus_gutenberg_show_text_before_share":"","sfsi_plus_gutenberg_icon_type":"","sfsi_plus_gutenberg_icon_alignemt":"","sfsi_plus_gutenburg_max_per_row":"","footnotes":""},"categories":[12],"tags":[],"class_list":["post-176459","post","type-post","status-publish","format-standard","has-post-thumbnail","hentry","category-policia"],"_links":{"self":[{"href":"https:\/\/www.caririemacao.com\/1\/wp-json\/wp\/v2\/posts\/176459","targetHints":{"allow":["GET"]}}],"collection":[{"href":"https:\/\/www.caririemacao.com\/1\/wp-json\/wp\/v2\/posts"}],"about":[{"href":"https:\/\/www.caririemacao.com\/1\/wp-json\/wp\/v2\/types\/post"}],"author":[{"embeddable":true,"href":"https:\/\/www.caririemacao.com\/1\/wp-json\/wp\/v2\/users\/1"}],"replies":[{"embeddable":true,"href":"https:\/\/www.caririemacao.com\/1\/wp-json\/wp\/v2\/comments?post=176459"}],"version-history":[{"count":1,"href":"https:\/\/www.caririemacao.com\/1\/wp-json\/wp\/v2\/posts\/176459\/revisions"}],"predecessor-version":[{"id":176462,"href":"https:\/\/www.caririemacao.com\/1\/wp-json\/wp\/v2\/posts\/176459\/revisions\/176462"}],"wp:featuredmedia":[{"embeddable":true,"href":"https:\/\/www.caririemacao.com\/1\/wp-json\/wp\/v2\/media\/156647"}],"wp:attachment":[{"href":"https:\/\/www.caririemacao.com\/1\/wp-json\/wp\/v2\/media?parent=176459"}],"wp:term":[{"taxonomy":"category","embeddable":true,"href":"https:\/\/www.caririemacao.com\/1\/wp-json\/wp\/v2\/categories?post=176459"},{"taxonomy":"post_tag","embeddable":true,"href":"https:\/\/www.caririemacao.com\/1\/wp-json\/wp\/v2\/tags?post=176459"}],"curies":[{"name":"wp","href":"https:\/\/api.w.org\/{rel}","templated":true}]}}