{"id":176464,"date":"2020-06-29T14:01:56","date_gmt":"2020-06-29T17:01:56","guid":{"rendered":"https:\/\/www.caririemacao.com\/1\/?p=176464"},"modified":"2020-06-29T14:01:56","modified_gmt":"2020-06-29T17:01:56","slug":"paraiba-e-o-estado-do-nordeste-com-mais-mortes-por-raios-em-2020","status":"publish","type":"post","link":"https:\/\/www.caririemacao.com\/1\/2020\/06\/29\/paraiba-e-o-estado-do-nordeste-com-mais-mortes-por-raios-em-2020\/","title":{"rendered":"Para\u00edba \u00e9 o estado do Nordeste com mais mortes por raios em 2020"},"content":{"rendered":"\n<h1 class=\"wp-block-heading\"><\/h1>\n\n\n\n<p>A Para\u00edba se tornou o estado do Nordeste com mais mortes causadas por raios no ano de 2020, segundo dados do Grupo de Eletricidade Atmosf\u00e9rica (Elat) do Instituto Nacional de Pesquisas Espaciais (Inpe). De janeiro at\u00e9 o in\u00edcio do m\u00eas de junho, quatro \u00f3bitos tinham sido registrados no Estado.<\/p>\n\n\n\n<p>Os casos aconteceram nos munic\u00edpios de Massaranduba, Cubati e Conde.<\/p>\n\n\n\n<p>Os n\u00fameros de 2020 igualam o acumulado de ocorr\u00eancias fatais registradas entre 2000 e 2019. O levantamento mostrou ainda que 43% dos \u00f3bitos causados por raios na Para\u00edba t\u00eam como v\u00edtimas crian\u00e7as e jovens com idade entre 10 e 19 anos. O segundo grupo mais afetado \u00e9 composto por pessoas na faixa et\u00e1ria dos 20 aos 29 anos.<\/p>\n\n\n\n<p>A maioria das fatalidades com descargas el\u00e9tricas atmosf\u00e9ricas (75%) aconteceu ao ar livre.<\/p>\n\n\n\n<p>Segundo o professor e engenheiro eletricista Ronimak Trajano, n\u00e3o h\u00e1 uma explica\u00e7\u00e3o cient\u00edfica para esse aumento, mas que ele pode ser atribu\u00eddo \u00e0 falta de cuidados da pr\u00f3pria popula\u00e7\u00e3o.<\/p>\n\n\n\n<p>\u2013 Cientificamente n\u00e3o h\u00e1 como a gente afirmar que esse aumento ocorreu por eventos da natureza. Pode ter acontecido de nos anos anteriores n\u00e3o ter tido registros de casos assim. O que podemos dizer \u00e9 que isso pode ser atribu\u00eddo \u00e0 falta de preven\u00e7\u00e3o da popula\u00e7\u00e3o, \u00e0s vezes por falta de conhecimento ou at\u00e9 excesso de confian\u00e7a \u2013 explicou em entrevista concedida \u00e0 r\u00e1dio Campina FM, na manh\u00e3 desta segunda-feira, 29.<\/p>\n\n\n\n<p>O especialista deu tamb\u00e9m dicas importantes de preven\u00e7\u00e3o a acidentes dessa natureza para quem vive na zona rural e tamb\u00e9m na urbana.<\/p>\n\n\n\n<p>\u2013 \u00c9 interessante quando se estar em zona rural, procurar abrigo. Pode ser dif\u00edcil, mas \u00e9 o mais indicado. Quando n\u00e3o conseguir, \u00e9 ficar agachado e com os p\u00e9s longe um do outro. Nunca deitar. Na zona urbana, permanece o conselho de buscar abrigo. Nesse caso, ficar dentro do carro e sem tocar nas laterais dele \u00e9 o mais indicado. Apesar de n\u00e3o ser projetada para aquilo, a gaiola met\u00e1lica do carro se torna o espa\u00e7o mais eficiente para se proteger. Mas, lembrem-se, sem tocar as laterais do ve\u00edculo \u2013 destacou.<\/p>\n","protected":false},"excerpt":{"rendered":"<p>A Para\u00edba se tornou o estado do Nordeste com mais mortes causadas por raios no ano de 2020, segundo dados do Grupo de Eletricidade Atmosf\u00e9rica&hellip; <\/p>\n","protected":false},"author":2,"featured_media":176465,"comment_status":"closed","ping_status":"closed","sticky":false,"template":"","format":"standard","meta":{"sfsi_plus_gutenberg_text_before_share":"","sfsi_plus_gutenberg_show_text_before_share":"","sfsi_plus_gutenberg_icon_type":"","sfsi_plus_gutenberg_icon_alignemt":"","sfsi_plus_gutenburg_max_per_row":"","footnotes":""},"categories":[2],"tags":[],"class_list":["post-176464","post","type-post","status-publish","format-standard","has-post-thumbnail","hentry","category-geral"],"_links":{"self":[{"href":"https:\/\/www.caririemacao.com\/1\/wp-json\/wp\/v2\/posts\/176464","targetHints":{"allow":["GET"]}}],"collection":[{"href":"https:\/\/www.caririemacao.com\/1\/wp-json\/wp\/v2\/posts"}],"about":[{"href":"https:\/\/www.caririemacao.com\/1\/wp-json\/wp\/v2\/types\/post"}],"author":[{"embeddable":true,"href":"https:\/\/www.caririemacao.com\/1\/wp-json\/wp\/v2\/users\/2"}],"replies":[{"embeddable":true,"href":"https:\/\/www.caririemacao.com\/1\/wp-json\/wp\/v2\/comments?post=176464"}],"version-history":[{"count":1,"href":"https:\/\/www.caririemacao.com\/1\/wp-json\/wp\/v2\/posts\/176464\/revisions"}],"predecessor-version":[{"id":176466,"href":"https:\/\/www.caririemacao.com\/1\/wp-json\/wp\/v2\/posts\/176464\/revisions\/176466"}],"wp:featuredmedia":[{"embeddable":true,"href":"https:\/\/www.caririemacao.com\/1\/wp-json\/wp\/v2\/media\/176465"}],"wp:attachment":[{"href":"https:\/\/www.caririemacao.com\/1\/wp-json\/wp\/v2\/media?parent=176464"}],"wp:term":[{"taxonomy":"category","embeddable":true,"href":"https:\/\/www.caririemacao.com\/1\/wp-json\/wp\/v2\/categories?post=176464"},{"taxonomy":"post_tag","embeddable":true,"href":"https:\/\/www.caririemacao.com\/1\/wp-json\/wp\/v2\/tags?post=176464"}],"curies":[{"name":"wp","href":"https:\/\/api.w.org\/{rel}","templated":true}]}}