{"id":176473,"date":"2020-06-29T14:13:46","date_gmt":"2020-06-29T17:13:46","guid":{"rendered":"https:\/\/www.caririemacao.com\/1\/?p=176473"},"modified":"2020-06-29T14:13:46","modified_gmt":"2020-06-29T17:13:46","slug":"ministro-da-educacao-nao-tem-pos-doutorado-na-alemanha-diz-universidade-de-wuppertal","status":"publish","type":"post","link":"https:\/\/www.caririemacao.com\/1\/2020\/06\/29\/ministro-da-educacao-nao-tem-pos-doutorado-na-alemanha-diz-universidade-de-wuppertal\/","title":{"rendered":"Ministro da Educa\u00e7\u00e3o n\u00e3o tem p\u00f3s-doutorado na Alemanha, diz Universidade de W\u00fcppertal"},"content":{"rendered":"\n<h1 class=\"wp-block-heading\"><\/h1>\n\n\n\n<p>Em nota enviada ao O Globo, a institui\u00e7\u00e3o alem\u00e3 esclareceu que o ministro conduziu pesquisas na universidade por um per\u00edodo de tr\u00eas meses em 2016, mas n\u00e3o concluiu nenhum programa de p\u00f3s-doutoramento.<\/p>\n\n\n\n<p>&#8220;Carlos Decotelli n\u00e3o obteve nenhum t\u00edtulo na nossa universidade&#8221;, afirmou a respons\u00e1vel pela comunica\u00e7\u00e3o da Bergische Universit\u00e4t W\u00fcppertal (BUW), Jasmine Ait-Djoudi. A universidade alem\u00e3 oferece cerca de 110 cursos em diversas \u00e1reas e tem mais de 22 mil estudantes.<\/p>\n\n\n\n<p>No curr\u00edculo dispon\u00edvel na plataforma Lattes do Conselho Nacional de Desenvolvimento Cient\u00edfico e Tecnol\u00f3gico (CNPq), Decotelli descreve que frequentou a universidade alem\u00e3 entre 2015 e 2017 e que recebeu o t\u00edtulo de p\u00f3s-doutor.<\/p>\n\n\n\n<p>O ministro corrigiu seu curr\u00edculo ap\u00f3s o reitor da Universidade de Ros\u00e1rio, na Argentina, confirmar que ele n\u00e3o tem o t\u00edtulo de doutor na institui\u00e7\u00e3o, apesar de ter estudado l\u00e1. Ainda assim, continua constando na plataforma o p\u00f3s-doc na Alemanha.<\/p>\n\n\n\n<p>Em W\u00fcppertal, o novo ministro da Educa\u00e7\u00e3o conduziu uma pesquisa sob a orienta\u00e7\u00e3o de Brigitte Wolf, que foi professora de Teoria do Design na universidade at\u00e9 2017. A O GLOBO, Wolf confirmou que o ministro n\u00e3o recebeu nenhum t\u00edtulo universit\u00e1rio na Alemanha.<\/p>\n\n\n\n<p>Um p\u00f3s-doutorado n\u00e3o \u00e9 um t\u00edtulo acad\u00eamico formal, mas \u00e9 um termo usado em refer\u00eancia a pesquisas feitas ap\u00f3s um acad\u00eamico obter um t\u00edtulo de doutor.<\/p>\n\n\n\n<p>Em seu site profissional, a professora publicou uma entrevista&nbsp;com Decotelli sobre a breve experi\u00eancia acad\u00eamica do ministro na Alemanha. \u201cAs empresas est\u00e3o fortemente envolvidas em pesquisa na Alemanha. Os resultados s\u00e3o melhor divulgados e comunicados\u201d, afirmou o ministro em janeiro de 2016.<\/p>\n\n\n\n<p>&#8220;No Brasil, a pesquisa \u00e9 realizada em nome de institui\u00e7\u00f5es e autoridades p\u00fablicas, os or\u00e7amentos est\u00e3o sujeitos a instru\u00e7\u00f5es pol\u00edticas e os resultados da pesquisa permanecem no ambiente acad\u00eamico&#8221;, acrescentou.<\/p>\n\n\n\n<p>Na Alemanha, um p\u00f3s-doutorado dura, em m\u00e9dia, de dois a quatro anos e s\u00f3 pode ser feito por candidatos que possuam um t\u00edtulo de doutor \u2013 o que n\u00e3o \u00e9 o caso do novo ministro. Mentir no curr\u00edculo na Alemanha pode levar a uma pena de pris\u00e3o de at\u00e9 cinco anos por falsifica\u00e7\u00e3o de documentos, caso o curr\u00edculo possua a assinatura do candidato.<\/p>\n\n\n\n<p>O GLOBO entrou em contato o MEC e aguarda a posi\u00e7\u00e3o de Decotelli.<\/p>\n\n\n\n<p>Em nota publicada no \u00faltimo s\u00e1bado, o MEC disse que &#8220;a universidade alem\u00e3 aceitou apoiar o projeto, considerando a relev\u00e2ncia do tema, a conclus\u00e3o e a aprova\u00e7\u00e3o em todos os cr\u00e9ditos obtidos no curso de Doutorado em Administra\u00e7\u00e3o na Universidade de Ros\u00e1rio&#8221;, frisando que o ministro n\u00e3o recebeu nenhum t\u00edtulo decorrente desta pesquisa&#8221;.<\/p>\n\n\n\n<p>Sobre o doutorado na Argentina, o MEC informou que &#8220;ao final do curso, (Decotelli) apresentou uma tese de doutorado que, ap\u00f3s avalia\u00e7\u00e3o preliminar pela banca designada, n\u00e3o teve sua defesa autorizada&#8221;. Decotelli ent\u00e3o retornou ao Brasil, sem concluir o doutorado na universidade.<\/p>\n\n\n\n<p>S\u00e9rie de imprecis\u00f5es curriculares<br>Essa n\u00e3o \u00e9 a primeira informa\u00e7\u00e3o incorreta presente no curr\u00edculo do sucessor do ex-ministro da Educa\u00e7\u00e3o Abraham Weintraub. Na \u00faltima sexta-feira, o reitor da Universidade Nacional de Rosario (Argentina), Franco Bartolacci, informou que Decotelli n\u00e3o obteve um t\u00edtulo de doutor em administra\u00e7\u00e3o da Faculdade de Ci\u00eancias Econ\u00f4micas e Estat\u00edsticas e confirmou que a tese de doutorado foi reprovada.<\/p>\n\n\n\n<p>Depois da repercuss\u00e3o da not\u00edcia, o ministro alterou as informa\u00e7\u00f5es sobre o curr\u00edculo na plataforma Lattes, excluindo o t\u00edtulo da tese \u2013 &#8220;Gest\u00e3o de Riscos na Modelagem dos Pre\u00e7os da Soja&#8221; \u2013 e o nome do orientador. Em resposta \u00e0 publica\u00e7\u00e3o do reitor argentino, o MEC divulgou um certificado atestando que Decotelli concluiu &#8221; todos os cr\u00e9ditos do doutorado\u201d, mas a pasta n\u00e3o se referiu \u00e0 obten\u00e7\u00e3o do t\u00edtulo de doutor.<\/p>\n\n\n\n<p>O t\u00edtulo de mestre do novo ministro da Educa\u00e7\u00e3o tamb\u00e9m levanta suspeitas. A Funda\u00e7\u00e3o Get\u00falio Vargas (FGV) apura um eventual pl\u00e1gio na disserta\u00e7\u00e3o de mestrado de Decotelli, que frequentou o curso em Administra\u00e7\u00e3o profissional na FGV entre 2006 e 2008.<\/p>\n\n\n\n<p>Pelo Twitter, o professor universit\u00e1rio Thomas Conti, do Instituto de Ensino e Pesquisa (Insper), escreveu que a disserta\u00e7\u00e3o de Decotelli reproduz, sem cita\u00e7\u00f5es e refer\u00eancias bibliogr\u00e1ficas, passagens inteiras de um relat\u00f3rio do Banrisul na Comiss\u00e3o de Valores Mobili\u00e1rios (CVM).<\/p>\n\n\n\n<p>Em nota, o Minist\u00e9rio da Educa\u00e7\u00e3o informou que Decotelli iria revisar o trabalho &#8220;por respeito ao direito intelectual dos autores e pesquisadores citados&#8221;. &#8220;O ministro refuta as alega\u00e7\u00f5es de dolo, informa que o trabalho foi aprovado pela institui\u00e7\u00e3o de ensino e que procurou creditar todos os pesquisadores e autores que serviram de refer\u00eancia&#8221;, diz o MEC no comunicado. &#8220;Caso tenha cometido quaisquer omiss\u00f5es, estas se deveram a falhas t\u00e9cnicas ou metodol\u00f3gicas&#8221;, afirmou o ministro.<\/p>\n\n\n\n<p>Decotelli foi presidente do Fundo Nacional de Desenvolvimento da Educa\u00e7\u00e3o (FNDE) em 2019 e, antes de assumir o MEC, era professor da P\u00f3s-Gradua\u00e7\u00e3o em Economia e Finan\u00e7as da Funda\u00e7\u00e3o Get\u00falio Vargas (FGV). O perfil do ministro no LinkedIn foi removido.<\/p>\n","protected":false},"excerpt":{"rendered":"<p>Em nota enviada ao O Globo, a institui\u00e7\u00e3o alem\u00e3 esclareceu que o ministro conduziu pesquisas na universidade por um per\u00edodo de tr\u00eas meses em 2016,&hellip; <\/p>\n","protected":false},"author":2,"featured_media":176474,"comment_status":"closed","ping_status":"closed","sticky":false,"template":"","format":"standard","meta":{"sfsi_plus_gutenberg_text_before_share":"","sfsi_plus_gutenberg_show_text_before_share":"","sfsi_plus_gutenberg_icon_type":"","sfsi_plus_gutenberg_icon_alignemt":"","sfsi_plus_gutenburg_max_per_row":"","footnotes":""},"categories":[2],"tags":[],"class_list":["post-176473","post","type-post","status-publish","format-standard","has-post-thumbnail","hentry","category-geral"],"_links":{"self":[{"href":"https:\/\/www.caririemacao.com\/1\/wp-json\/wp\/v2\/posts\/176473","targetHints":{"allow":["GET"]}}],"collection":[{"href":"https:\/\/www.caririemacao.com\/1\/wp-json\/wp\/v2\/posts"}],"about":[{"href":"https:\/\/www.caririemacao.com\/1\/wp-json\/wp\/v2\/types\/post"}],"author":[{"embeddable":true,"href":"https:\/\/www.caririemacao.com\/1\/wp-json\/wp\/v2\/users\/2"}],"replies":[{"embeddable":true,"href":"https:\/\/www.caririemacao.com\/1\/wp-json\/wp\/v2\/comments?post=176473"}],"version-history":[{"count":1,"href":"https:\/\/www.caririemacao.com\/1\/wp-json\/wp\/v2\/posts\/176473\/revisions"}],"predecessor-version":[{"id":176475,"href":"https:\/\/www.caririemacao.com\/1\/wp-json\/wp\/v2\/posts\/176473\/revisions\/176475"}],"wp:featuredmedia":[{"embeddable":true,"href":"https:\/\/www.caririemacao.com\/1\/wp-json\/wp\/v2\/media\/176474"}],"wp:attachment":[{"href":"https:\/\/www.caririemacao.com\/1\/wp-json\/wp\/v2\/media?parent=176473"}],"wp:term":[{"taxonomy":"category","embeddable":true,"href":"https:\/\/www.caririemacao.com\/1\/wp-json\/wp\/v2\/categories?post=176473"},{"taxonomy":"post_tag","embeddable":true,"href":"https:\/\/www.caririemacao.com\/1\/wp-json\/wp\/v2\/tags?post=176473"}],"curies":[{"name":"wp","href":"https:\/\/api.w.org\/{rel}","templated":true}]}}