{"id":176484,"date":"2020-06-29T15:51:07","date_gmt":"2020-06-29T18:51:07","guid":{"rendered":"https:\/\/www.caririemacao.com\/1\/?p=176484"},"modified":"2020-06-29T15:51:07","modified_gmt":"2020-06-29T18:51:07","slug":"em-nota-caio-nobrega-anuncia-apoio-a-reeleicao-de-anna-lorena","status":"publish","type":"post","link":"https:\/\/www.caririemacao.com\/1\/2020\/06\/29\/em-nota-caio-nobrega-anuncia-apoio-a-reeleicao-de-anna-lorena\/","title":{"rendered":"Em nota, Caio N\u00f3brega anuncia apoio a reelei\u00e7\u00e3o de Anna Lorena"},"content":{"rendered":"\n<p>Em nota\u00a0 dirigida \u00e0 popula\u00e7\u00e3o de Monteiro, o jornalista Caio N\u00f3brega esclarece suas decis\u00f5es pol\u00edticas e profissionais e anuncia irrestrito apoio \u00e0 reelei\u00e7\u00e3o da prefeita Anna Lorena.<\/p>\n\n\n\n<p><strong>Confira abaixo a nota:<\/strong><\/p>\n\n\n\n<p>Ao povo de Monteiro<\/p>\n\n\n\n<p>Desde minha inf\u00e2ncia, aprendi a amar Monteiro e ter como minha cidade de origem. N\u00e3o nasci, mas, tenho raizes familiares, e atrav\u00e9s delas, decidi morar, estudar, trabalhar e ter toda a minha vida nessa terra de gente acolhedora, trabalhadora e respons\u00e1vel.<\/p>\n\n\n\n<p>Decidi fazer pol\u00edtica aos 16 anos, onde tenho gratid\u00e3o, respeito e admira\u00e7\u00e3o a grandes nomes que fizeram parte de toda a minha trajet\u00f3ria. Admiro a pol\u00edtica, porque atrav\u00e9s dela podemos transformar a vida das pessoas, desde que seja feita a boa pol\u00edtica, democr\u00e1tica e respons\u00e1vel, \u00e9tica e coerente.<\/p>\n\n\n\n<p>Em Monteiro, n\u00e3o seria diferente, fui recebido pela Prefeita Anna Lorena, na \u00e9poca, filiado ao PSDB, a quem me deu oportunidade de aprofundar-me da pol\u00edtica local, e pude, com isso, crescer politicamente e profissionalmente dentro de Monteiro.<\/p>\n\n\n\n<p>Durante minha trajet\u00f3ria profissional, na \u00e1rea da comunica\u00e7\u00e3o, tive oportunidade de ocupar espa\u00e7os no Sistema Correio, na TV Master, em Jo\u00e3o Pessoa, na IND FM de Serra Branca, al\u00e9m dos espa\u00e7os p\u00fablicos, como assessor da Secretaria de Desenvolvimento Humano, na gest\u00e3o de Gilvaneide Nunes, oportunidades, dentre de tantas outras, que fizeram-me tamb\u00e9m crescer.<\/p>\n\n\n\n<p>Existem caminhos que Deus coloca em nossa vida, mas, algumas vezes queremos desviar, querendo impor nossa vontade acima da vontade de Deus. Assumo um equ\u00edvoco de minha parte, em desviar de um caminho virtuoso, frut\u00edfero e que tem transformado a cidade de Monteiro, que \u00e9, o projeto da Prefeita Anna Lorena. Isso, foi necess\u00e1rio, faz parte da boa pol\u00edtica, mas, importante fazer pol\u00edtica com quadros que compactuem dos mesmos ideais, e com companheiros aliados que costumem trabalhar em equipe, com uni\u00e3o, di\u00e1logo e respeito, e JAMAIS com interesses de lhe derrubar, ou lhe ter como um ser insignificante.<\/p>\n\n\n\n<p>Eu fui, Monteiro, fui porque precisei seguir um caminho para compreender que jamais deveria ter desviado o verdadeiro e \u00fanico caminho que representa todos os meus ideais e pensamentos.<\/p>\n\n\n\n<p>A vida \u00e9 feita de erros e acertos, e eu busco escolher e acertar. No decorrer de nossa trajet\u00f3ria, diariamente, devemos corrigir os nossos erros, expandir os nossos acertos, e seguir fazendo aquilo que o seu cora\u00e7\u00e3o manda, na vida acad\u00eamica, profissional e pessoal, e meu cora\u00e7\u00e3o me manda voltar atr\u00e1s e corrigir um grande erro, que foi, desviar do caminho que Deus colocou em minha vida desde que cheguei em Monteiro.<\/p>\n\n\n\n<p>Com isso, falando sobre a minha trajet\u00f3ria, a minha liga\u00e7\u00e3o com Monteiro, e trazendo todas estas considera\u00e7\u00f5es, gostaria de anunciar o meu retorno ao Grupo Anna Lorena, com base em tudo que expressei at\u00e9 aqui.<\/p>\n\n\n\n<p>Haveremos de ter oportunidades de discutir sobre tudo, costumo fazer isto sempre com clareza, coer\u00eancia e equil\u00edbrio, bem como s\u00e3o tomadas todas as minhas decis\u00f5es.<\/p>\n\n\n\n<p>A quem caminhei junto, jamais serei anti\u00e9tico, deixo meu respeito e gratid\u00e3o, mas, reafirmando, devemos est\u00e1 ao lado daqueles que compactuam dos mesmos ideais e que procuram exercer a democracia com di\u00e1logo, respeito e UNIDADE, jamais, com divis\u00e3o.<\/p>\n\n\n\n<p>Sem mais prolongar, me coloco a disposi\u00e7\u00e3o de todos, e refor\u00e7o, que lutarei com todas as minhas, para que este projeto seja vitorioso.<\/p>\n\n\n\n<p>Forte abra\u00e7o<\/p>\n\n\n\n<p>Com Vitrine do Cariri<\/p>\n","protected":false},"excerpt":{"rendered":"<p>Em nota\u00a0 dirigida \u00e0 popula\u00e7\u00e3o de Monteiro, o jornalista Caio N\u00f3brega esclarece suas decis\u00f5es pol\u00edticas e profissionais e anuncia irrestrito apoio \u00e0 reelei\u00e7\u00e3o da prefeita&hellip; <\/p>\n","protected":false},"author":1,"featured_media":176485,"comment_status":"closed","ping_status":"closed","sticky":false,"template":"","format":"standard","meta":{"sfsi_plus_gutenberg_text_before_share":"","sfsi_plus_gutenberg_show_text_before_share":"","sfsi_plus_gutenberg_icon_type":"","sfsi_plus_gutenberg_icon_alignemt":"","sfsi_plus_gutenburg_max_per_row":"","footnotes":""},"categories":[11],"tags":[],"class_list":["post-176484","post","type-post","status-publish","format-standard","has-post-thumbnail","hentry","category-politica"],"_links":{"self":[{"href":"https:\/\/www.caririemacao.com\/1\/wp-json\/wp\/v2\/posts\/176484","targetHints":{"allow":["GET"]}}],"collection":[{"href":"https:\/\/www.caririemacao.com\/1\/wp-json\/wp\/v2\/posts"}],"about":[{"href":"https:\/\/www.caririemacao.com\/1\/wp-json\/wp\/v2\/types\/post"}],"author":[{"embeddable":true,"href":"https:\/\/www.caririemacao.com\/1\/wp-json\/wp\/v2\/users\/1"}],"replies":[{"embeddable":true,"href":"https:\/\/www.caririemacao.com\/1\/wp-json\/wp\/v2\/comments?post=176484"}],"version-history":[{"count":1,"href":"https:\/\/www.caririemacao.com\/1\/wp-json\/wp\/v2\/posts\/176484\/revisions"}],"predecessor-version":[{"id":176486,"href":"https:\/\/www.caririemacao.com\/1\/wp-json\/wp\/v2\/posts\/176484\/revisions\/176486"}],"wp:featuredmedia":[{"embeddable":true,"href":"https:\/\/www.caririemacao.com\/1\/wp-json\/wp\/v2\/media\/176485"}],"wp:attachment":[{"href":"https:\/\/www.caririemacao.com\/1\/wp-json\/wp\/v2\/media?parent=176484"}],"wp:term":[{"taxonomy":"category","embeddable":true,"href":"https:\/\/www.caririemacao.com\/1\/wp-json\/wp\/v2\/categories?post=176484"},{"taxonomy":"post_tag","embeddable":true,"href":"https:\/\/www.caririemacao.com\/1\/wp-json\/wp\/v2\/tags?post=176484"}],"curies":[{"name":"wp","href":"https:\/\/api.w.org\/{rel}","templated":true}]}}