{"id":176506,"date":"2020-06-30T07:14:57","date_gmt":"2020-06-30T10:14:57","guid":{"rendered":"https:\/\/www.caririemacao.com\/1\/?p=176506"},"modified":"2020-06-30T07:14:57","modified_gmt":"2020-06-30T10:14:57","slug":"governador-anuncia-distribuicao-de-ventiladores-pulmonares-a-unidades-de-saude-em-nove-cidades-da-paraiba-para-tratamento-da-covid-19","status":"publish","type":"post","link":"https:\/\/www.caririemacao.com\/1\/2020\/06\/30\/governador-anuncia-distribuicao-de-ventiladores-pulmonares-a-unidades-de-saude-em-nove-cidades-da-paraiba-para-tratamento-da-covid-19\/","title":{"rendered":"Governador anuncia distribui\u00e7\u00e3o de ventiladores pulmonares a unidades de sa\u00fade em nove cidades da Para\u00edba para tratamento da covid-19"},"content":{"rendered":"\n<h1 class=\"wp-block-heading\"><\/h1>\n\n\n\n<p>O governador da Para\u00edba, Jo\u00e3o Azevedo (Cidadania), anunciou a distribui\u00e7\u00e3o de ventiladores pulmonares e consequentemente a abertura de novos leitos de Unidade de Terapia Intensiva (UTI) para o tratamento da covid-19, no Estado. Ser\u00e3o entregues equipamentos para diversas cidades por conta da&nbsp;interioriza\u00e7\u00e3o da doen\u00e7a. As novidades foram assuntos destaques no seu programa de r\u00e1dio, Fala Governador, na R\u00e1dio Tabajara, na tarde desta segunda-feira (29).<\/p>\n\n\n\n<p>Para a Unidade de Pronto Atendimento (UPA) do munic\u00edpio de Princesa Isabel, no Sert\u00e3o paraibano, o governo vai abrir mais um leito de UTI. O Hospital Regional de Cajazeiras receber\u00e1 dois ventiladores pulmonares e a UPA ganhar\u00e1 tr\u00eas leitos de UTI, totalizando cinco. Em Pianc\u00f3 e no Hospital Regional de Pombal, os equipamentos ser\u00e3o substitu\u00eddos por novos. \u201cEstamos mandando oito novos ventiladores para Pianc\u00f3, cinco ventiladores novos para Pombal, trazendo os que est\u00e3o l\u00e1 para passar por manuten\u00e7\u00e3o, e oferecendo um melhor atendimento para popula\u00e7\u00e3o\u201d, afirmou o chefe do executivo no Estado.&nbsp;<\/p>\n\n\n\n<p>Enquanto o Complexo Hospitalar de Patos receber\u00e1 mais quatro ventiladores, ficando na regi\u00e3o com 30 leitos de UTI. A UPA de Guarabira ganhar\u00e1 mais tr\u00eas leitos de UTI. O Estado disponibilizar\u00e1 para o Hospital de Cl\u00ednicas, em Campina Grande, 15 leitos de UTI. Em Santa Rita ser\u00e3o mais tr\u00eas ventiladores, ou seja, tr\u00eas leitos. O hospital de Mamanguape ganhar\u00e1 mais dois leitos. Em Jo\u00e3o Pessoa ser\u00e3o 20 ventiladores para Maternidade Frei Maternidade e 21 para o Hospital Solid\u00e1rio, em Santa Rita. \u201cCom isso, n\u00f3s estamos atendendo todo o Estado da Para\u00edba e refor\u00e7ando as estruturas existentes para que a gente possa atender melhor, principalmente, nesse momento de que h\u00e1 interioriza\u00e7\u00e3o para todo estado\u201d, frisou.&nbsp;&nbsp;<\/p>\n","protected":false},"excerpt":{"rendered":"<p>O governador da Para\u00edba, Jo\u00e3o Azevedo (Cidadania), anunciou a distribui\u00e7\u00e3o de ventiladores pulmonares e consequentemente a abertura de novos leitos de Unidade de Terapia Intensiva&hellip; <\/p>\n","protected":false},"author":2,"featured_media":176507,"comment_status":"closed","ping_status":"closed","sticky":false,"template":"","format":"standard","meta":{"sfsi_plus_gutenberg_text_before_share":"","sfsi_plus_gutenberg_show_text_before_share":"","sfsi_plus_gutenberg_icon_type":"","sfsi_plus_gutenberg_icon_alignemt":"","sfsi_plus_gutenburg_max_per_row":"","footnotes":""},"categories":[14,16],"tags":[],"class_list":["post-176506","post","type-post","status-publish","format-standard","has-post-thumbnail","hentry","category-educacao","category-saude"],"_links":{"self":[{"href":"https:\/\/www.caririemacao.com\/1\/wp-json\/wp\/v2\/posts\/176506","targetHints":{"allow":["GET"]}}],"collection":[{"href":"https:\/\/www.caririemacao.com\/1\/wp-json\/wp\/v2\/posts"}],"about":[{"href":"https:\/\/www.caririemacao.com\/1\/wp-json\/wp\/v2\/types\/post"}],"author":[{"embeddable":true,"href":"https:\/\/www.caririemacao.com\/1\/wp-json\/wp\/v2\/users\/2"}],"replies":[{"embeddable":true,"href":"https:\/\/www.caririemacao.com\/1\/wp-json\/wp\/v2\/comments?post=176506"}],"version-history":[{"count":1,"href":"https:\/\/www.caririemacao.com\/1\/wp-json\/wp\/v2\/posts\/176506\/revisions"}],"predecessor-version":[{"id":176508,"href":"https:\/\/www.caririemacao.com\/1\/wp-json\/wp\/v2\/posts\/176506\/revisions\/176508"}],"wp:featuredmedia":[{"embeddable":true,"href":"https:\/\/www.caririemacao.com\/1\/wp-json\/wp\/v2\/media\/176507"}],"wp:attachment":[{"href":"https:\/\/www.caririemacao.com\/1\/wp-json\/wp\/v2\/media?parent=176506"}],"wp:term":[{"taxonomy":"category","embeddable":true,"href":"https:\/\/www.caririemacao.com\/1\/wp-json\/wp\/v2\/categories?post=176506"},{"taxonomy":"post_tag","embeddable":true,"href":"https:\/\/www.caririemacao.com\/1\/wp-json\/wp\/v2\/tags?post=176506"}],"curies":[{"name":"wp","href":"https:\/\/api.w.org\/{rel}","templated":true}]}}