{"id":176510,"date":"2020-06-30T07:18:30","date_gmt":"2020-06-30T10:18:30","guid":{"rendered":"https:\/\/www.caririemacao.com\/1\/?p=176510"},"modified":"2020-06-30T07:18:30","modified_gmt":"2020-06-30T10:18:30","slug":"argentina-anuncia-diminuicao-da-nuvem-de-gafanhotos-proxima-ao-brasil","status":"publish","type":"post","link":"https:\/\/www.caririemacao.com\/1\/2020\/06\/30\/argentina-anuncia-diminuicao-da-nuvem-de-gafanhotos-proxima-ao-brasil\/","title":{"rendered":"Argentina anuncia diminui\u00e7\u00e3o da nuvem de gafanhotos pr\u00f3xima ao Brasil"},"content":{"rendered":"\n<h1 class=\"wp-block-heading\"><\/h1>\n\n\n\n<p>A Argentina anunciou uma diminui\u00e7\u00e3o da popula\u00e7\u00e3o de gafanhotos na prov\u00edncia de Corrientes, que fica na fronteira com Brasil e Uruguai. Segundo o Servi\u00e7o Nacional de Sa\u00fade e Qualidade Agroalimentar da Argentina (Senasa), a nuvem atualmente est\u00e1 localizada 55 quil\u00f4metros a oeste de Curuz\u00fa Cuati\u00e1, cidade a aproximadamente 180 quil\u00f4metros de dist\u00e2ncia do munic\u00edpio de Barra do Quara\u00ed, no Rio Grande do Sul.<\/p>\n\n\n\n<p>As autoridades argentinas informaram que os resultados deste s\u00e1bado (27), se deram ap\u00f3s a\u00e7\u00f5es a\u00e9reas realizadas pela prov\u00edncia de Corrientes. Al\u00e9m disso, a baixa temperatura contribuiu para o deslocamento dos insetos, monitorado de perto por uma equipe de especialistas da Senasa.<\/p>\n\n\n\n<p>Neste domingo (28), o \u00f3rg\u00e3o e a prov\u00edncia deram prosseguimento \u00e0s a\u00e7\u00f5es conjuntas para controlar a nuvem de gafanhotos. Dessa vez, por\u00e9m, as medidas foram terrestres.<\/p>\n\n\n\n<p>A queda acentuada das temperaturas, somada \u00e0 previs\u00e3o de chuvas, tamb\u00e9m pode beneficiar o Brasil, ao evitar que a nuvem de gafanhotos entre no Pa\u00eds. Na \u00faltima quinta-feira (25), o Minist\u00e9rio da Agricultura declarou estado de emerg\u00eancia fitossanit\u00e1ria no Rio Grande do Sul e em Santa Catarina, por risco de surto da praga.<\/p>\n\n\n\n<p>Procurado pela reportagem, o minist\u00e9rio ainda n\u00e3o se pronunciou sobre o an\u00fancio das autoridades argentinas.<\/p>\n","protected":false},"excerpt":{"rendered":"<p>A Argentina anunciou uma diminui\u00e7\u00e3o da popula\u00e7\u00e3o de gafanhotos na prov\u00edncia de Corrientes, que fica na fronteira com Brasil e Uruguai. Segundo o Servi\u00e7o Nacional&hellip; <\/p>\n","protected":false},"author":2,"featured_media":176511,"comment_status":"closed","ping_status":"closed","sticky":false,"template":"","format":"standard","meta":{"sfsi_plus_gutenberg_text_before_share":"","sfsi_plus_gutenberg_show_text_before_share":"","sfsi_plus_gutenberg_icon_type":"","sfsi_plus_gutenberg_icon_alignemt":"","sfsi_plus_gutenburg_max_per_row":"","footnotes":""},"categories":[2],"tags":[],"class_list":["post-176510","post","type-post","status-publish","format-standard","has-post-thumbnail","hentry","category-geral"],"_links":{"self":[{"href":"https:\/\/www.caririemacao.com\/1\/wp-json\/wp\/v2\/posts\/176510","targetHints":{"allow":["GET"]}}],"collection":[{"href":"https:\/\/www.caririemacao.com\/1\/wp-json\/wp\/v2\/posts"}],"about":[{"href":"https:\/\/www.caririemacao.com\/1\/wp-json\/wp\/v2\/types\/post"}],"author":[{"embeddable":true,"href":"https:\/\/www.caririemacao.com\/1\/wp-json\/wp\/v2\/users\/2"}],"replies":[{"embeddable":true,"href":"https:\/\/www.caririemacao.com\/1\/wp-json\/wp\/v2\/comments?post=176510"}],"version-history":[{"count":1,"href":"https:\/\/www.caririemacao.com\/1\/wp-json\/wp\/v2\/posts\/176510\/revisions"}],"predecessor-version":[{"id":176512,"href":"https:\/\/www.caririemacao.com\/1\/wp-json\/wp\/v2\/posts\/176510\/revisions\/176512"}],"wp:featuredmedia":[{"embeddable":true,"href":"https:\/\/www.caririemacao.com\/1\/wp-json\/wp\/v2\/media\/176511"}],"wp:attachment":[{"href":"https:\/\/www.caririemacao.com\/1\/wp-json\/wp\/v2\/media?parent=176510"}],"wp:term":[{"taxonomy":"category","embeddable":true,"href":"https:\/\/www.caririemacao.com\/1\/wp-json\/wp\/v2\/categories?post=176510"},{"taxonomy":"post_tag","embeddable":true,"href":"https:\/\/www.caririemacao.com\/1\/wp-json\/wp\/v2\/tags?post=176510"}],"curies":[{"name":"wp","href":"https:\/\/api.w.org\/{rel}","templated":true}]}}