{"id":176514,"date":"2020-06-30T07:22:43","date_gmt":"2020-06-30T10:22:43","guid":{"rendered":"https:\/\/www.caririemacao.com\/1\/?p=176514"},"modified":"2020-06-30T07:22:43","modified_gmt":"2020-06-30T10:22:43","slug":"guedes-vira-articulador-politico-com-centrao-para-dar-dignidade-a-negociacao-da-pauta-do-governo","status":"publish","type":"post","link":"https:\/\/www.caririemacao.com\/1\/2020\/06\/30\/guedes-vira-articulador-politico-com-centrao-para-dar-dignidade-a-negociacao-da-pauta-do-governo\/","title":{"rendered":"Guedes vira articulador pol\u00edtico com centr\u00e3o para dar &#8216;dignidade&#8217; \u00e0 negocia\u00e7\u00e3o da pauta do governo"},"content":{"rendered":"\n<h1 class=\"wp-block-heading\"><\/h1>\n\n\n\n<p>Resistente a conchavos, Guedes mergulhou no jogo pol\u00edtico para convencer os congressistas a encamparem os projetos reformistas da economia p\u00f3s-pandemia ,que, segundo ele, trar\u00e3o de volta o pa\u00eds aos trilhos do crescimento.<\/p>\n\n\n\n<p>Para assessores do Planalto, a atua\u00e7\u00e3o direta de Guedes com o centr\u00e3o tamb\u00e9m passa pelo aumento do controle da equipe econ\u00f4mica sobre os impactos da negocia\u00e7\u00e3o no Or\u00e7amento, j\u00e1 em frangalhos por causa dos gastos para frear os danos causados pelo coronav\u00edrus.<\/p>\n\n\n\n<p>Reflexo dessa estrat\u00e9gia, Guedes teve dezenas de reuni\u00f5es nas \u00faltimas tr\u00eas semanas com representantes partid\u00e1rios e os dois generais do Planalto.<\/p>\n\n\n\n<p>L\u00edderes de partidos do n\u00facleo duro do centr\u00e3o e outras siglas de centro ouvidos pela reportagem reconhecem o esfor\u00e7o da aproxima\u00e7\u00e3o de Guedes.<\/p>\n\n\n\n<p>O ministro se reuniu com congressistas tanto em conjunto como individualmente. H\u00e1 tr\u00eas semanas, ele chamou deputados para uma conversa com Braga Netto, na Casa Civil, em que tratou de a\u00e7\u00f5es p\u00f3s-pandemia mirando a retomada.<\/p>\n\n\n\n<p>No encontro, Guedes ressaltou que precisa do apoio dos congressistas para aprovar reformas e outras medidas importantes para evitar uma derrocada sem precedentes.<\/p>\n\n\n\n<p>As proje\u00e7\u00f5es atuais de bancos de investimento apontam queda de cerca de 9% no PIB neste ano, o dobro da estimativa do in\u00edcio da pandemia.<\/p>\n\n\n\n<p>Na mesma conversa, o ministro disse aos deputados que lan\u00e7ar\u00e1 o Renda Brasil, em substitui\u00e7\u00e3o ao Bolsa Fam\u00edlia, como forma de compensar o fim do pagamento do aux\u00edlio emergencial \u2013 algo que, do ponto de vista pol\u00edtico, concede aos deputados um discurso pr\u00f3-Bolsonaro em suas bases eleitorais.<\/p>\n\n\n\n<p>O chefe da Economia fez ainda quest\u00e3o de mostrar sintonia com Braga Netto em torno das medidas do governo, especialmente ao concordar com o Pr\u00f3-Brasil, plano que prev\u00ea obras para impulsionar o crescimento do pa\u00eds.<\/p>\n\n\n\n<p>Apesar de se mostrar agora favor\u00e1vel, Guedes disse que a prioridade ser\u00e3o os investimentos estrangeiros, via programa de concess\u00f5es.<\/p>\n\n\n\n<p>Depois disso, o ministro se reuniu individualmente com congressistas. Recebeu o presidente do PP, Ciro Nogueira (PI), e Arthur Lira (PP-AL); o l\u00edder do PL, Wellington Roberto (PB); o l\u00edder e presidente do MDB, Baleia Rossi (SP); e o l\u00edder do DEM, Efraim Filho (PB).<\/p>\n\n\n\n<p>PP e PL fazem parte do n\u00facleo duro do chamado centr\u00e3o que tem feito negocia\u00e7\u00f5es com o governo para se tornar base na C\u00e2mara.<\/p>\n\n\n\n<p>Apesar de Guedes se mostrar mais flex\u00edvel na articula\u00e7\u00e3o com os congressistas, integrantes de partidos de centro ainda veem com desconfian\u00e7a a movimenta\u00e7\u00e3o do ministro.<\/p>\n\n\n\n<p>Primeiro, porque dizem que a pauta das siglas j\u00e1 \u00e9 por si s\u00f3 reformista, ou seja, o ministro sabe que existe alinhamento pr\u00e9vio a boa parte de suas pautas.<\/p>\n\n\n\n<p>Al\u00e9m disso, questionam a disposi\u00e7\u00e3o de Guedes na concess\u00e3o de cargos porque o ministro recusou ceder posi\u00e7\u00f5es no Banco do Nordeste, que o Planalto tinha tinha prometido ao centr\u00e3o.<\/p>\n\n\n\n<p>Em troca do apoio dos partidos, Bolsonaro nomeou indicados das siglas para cargos importantes do Executivo, como a presid\u00eancia e v\u00e1rias diretorias do FNDE (Fundo Nacional de Desenvolvimento da Educa\u00e7\u00e3o). A distribui\u00e7\u00e3o de posi\u00e7\u00f5es em outras pastas ainda est\u00e1 em andamento.<\/p>\n\n\n\n<p>DEM e MDB, partido do ex-presidente Michel Temer, tamb\u00e9m se aproximaram de Bolsonaro nas negocia\u00e7\u00f5es do centr\u00e3o, mas seus dirigentes recha\u00e7am fazer parte da base de Bolsonaro.<\/p>\n\n\n\n<p>O DEM, por exemplo, tem representantes em cargos do governo.<\/p>\n\n\n\n<p>A escolha do deputado F\u00e1bio Faria (PSD-RN) para o Minist\u00e9rio das Comunica\u00e7\u00f5es, que foi recriado por Bolsonaro, tamb\u00e9m foi feita com o intuito de construir base no Congresso. Embora a escolha n\u00e3o seja partid\u00e1ria, Faria congrega o apoio de diversos deputados e senadores do partido.<\/p>\n\n\n\n<p>A aproxima\u00e7\u00e3o de Guedes com a ala militar do Planalto e com pol\u00edticos \u00e9 uma reviravolta no desgaste inicial com Braga Netto que, sem conhecimento da Economia, reuniu propostas de obras p\u00fablicas apresentadas por outros ministros, particularmente Tarc\u00edsio de Freitas (Infraestrutura) e Rog\u00e9rio Marinho (Desenvolvimento Regional) no plano Pr\u00f3-Brasil.<\/p>\n\n\n\n<p>O programa foi apresentado a Guedes em uma reuni\u00e3o ministerial, no fim de abril, e anunciado horas depois. Previa gastos fora da regra do teto, o que incomodou o ministro.<\/p>\n\n\n\n<p>Naquele momento, a justificativa dos militares para conduzir os projetos elencados no programa era frear a escalada do desemprego diante da crise do coronav\u00edrus.<\/p>\n\n\n\n<p>Nos bastidores, tamb\u00e9m consideravam o programa uma ferramenta poderosa na conquista do apoio de, ao menos, cem parlamentares do centr\u00e3o para n\u00e3o s\u00f3 frear um poss\u00edvel processo de impeachment no Congresso, como ter votos suficientes para a aprova\u00e7\u00e3o das pautas do governo.<\/p>\n","protected":false},"excerpt":{"rendered":"<p>Resistente a conchavos, Guedes mergulhou no jogo pol\u00edtico para convencer os congressistas a encamparem os projetos reformistas da economia p\u00f3s-pandemia ,que, segundo ele, trar\u00e3o de&hellip; <\/p>\n","protected":false},"author":2,"featured_media":176515,"comment_status":"closed","ping_status":"closed","sticky":false,"template":"","format":"standard","meta":{"sfsi_plus_gutenberg_text_before_share":"","sfsi_plus_gutenberg_show_text_before_share":"","sfsi_plus_gutenberg_icon_type":"","sfsi_plus_gutenberg_icon_alignemt":"","sfsi_plus_gutenburg_max_per_row":"","footnotes":""},"categories":[11],"tags":[],"class_list":["post-176514","post","type-post","status-publish","format-standard","has-post-thumbnail","hentry","category-politica"],"_links":{"self":[{"href":"https:\/\/www.caririemacao.com\/1\/wp-json\/wp\/v2\/posts\/176514","targetHints":{"allow":["GET"]}}],"collection":[{"href":"https:\/\/www.caririemacao.com\/1\/wp-json\/wp\/v2\/posts"}],"about":[{"href":"https:\/\/www.caririemacao.com\/1\/wp-json\/wp\/v2\/types\/post"}],"author":[{"embeddable":true,"href":"https:\/\/www.caririemacao.com\/1\/wp-json\/wp\/v2\/users\/2"}],"replies":[{"embeddable":true,"href":"https:\/\/www.caririemacao.com\/1\/wp-json\/wp\/v2\/comments?post=176514"}],"version-history":[{"count":1,"href":"https:\/\/www.caririemacao.com\/1\/wp-json\/wp\/v2\/posts\/176514\/revisions"}],"predecessor-version":[{"id":176516,"href":"https:\/\/www.caririemacao.com\/1\/wp-json\/wp\/v2\/posts\/176514\/revisions\/176516"}],"wp:featuredmedia":[{"embeddable":true,"href":"https:\/\/www.caririemacao.com\/1\/wp-json\/wp\/v2\/media\/176515"}],"wp:attachment":[{"href":"https:\/\/www.caririemacao.com\/1\/wp-json\/wp\/v2\/media?parent=176514"}],"wp:term":[{"taxonomy":"category","embeddable":true,"href":"https:\/\/www.caririemacao.com\/1\/wp-json\/wp\/v2\/categories?post=176514"},{"taxonomy":"post_tag","embeddable":true,"href":"https:\/\/www.caririemacao.com\/1\/wp-json\/wp\/v2\/tags?post=176514"}],"curies":[{"name":"wp","href":"https:\/\/api.w.org\/{rel}","templated":true}]}}