{"id":176518,"date":"2020-06-30T07:25:59","date_gmt":"2020-06-30T10:25:59","guid":{"rendered":"https:\/\/www.caririemacao.com\/1\/?p=176518"},"modified":"2020-06-30T07:25:59","modified_gmt":"2020-06-30T10:25:59","slug":"crise-do-coronavirus-fecha-14-milhao-de-vagas-formais-diz-governo","status":"publish","type":"post","link":"https:\/\/www.caririemacao.com\/1\/2020\/06\/30\/crise-do-coronavirus-fecha-14-milhao-de-vagas-formais-diz-governo\/","title":{"rendered":"Crise do coronav\u00edrus fecha 1,4 milh\u00e3o de vagas formais, diz governo"},"content":{"rendered":"\n<h1 class=\"wp-block-heading\"><\/h1>\n\n\n\n<p>O n\u00famero do m\u00eas foi divulgado nesta segunda-feira (29) pelo Minist\u00e9rio da Economia e \u00e9 resultado de 703,9 mil admiss\u00f5es e 1,03 milh\u00e3o de desligamentos. Os resultados negativos s\u00e3o puxados pelo setor de Servi\u00e7os (que fechou 143,4 mil vagas de trabalho).<\/p>\n\n\n\n<p>Em seguida, est\u00e3o Ind\u00fastria (corte de 96,9 mil postos). Com\u00e9rcio (fechamento de 88,7 mil vagas) e Constru\u00e7\u00e3o (menos 18,7 mil vagas). J\u00e1 a Agricultura criou 15,9 mil postos.<\/p>\n\n\n\n<p>Nos dois primeiros meses do ano, a economia brasileira vinha criando postos de trabalho. Em janeiro e fevereiro, antes da crise de sa\u00fade p\u00fablica, o pa\u00eds criou 338 mil vagas -quase 50% a mais do que o registrado nos dois primeiros meses de 2019.<\/p>\n\n\n\n<p>Com o resultado negativo entre mar\u00e7o e maio, j\u00e1 sob efeito de medidas restritivas nas cidades e fechamento de com\u00e9rcio e empresas, passou a haver saldo negativo no ano.<br>Assim, se considerados os primeiros cinco meses de 2020 h\u00e1 um saldo negativo de 1,1 milh\u00e3o mil vagas formais. No mesmo per\u00edodo de 2019 haviam sido criados 313,8 mil postos de trabalho formais no pa\u00eds.<\/p>\n","protected":false},"excerpt":{"rendered":"<p>O n\u00famero do m\u00eas foi divulgado nesta segunda-feira (29) pelo Minist\u00e9rio da Economia e \u00e9 resultado de 703,9 mil admiss\u00f5es e 1,03 milh\u00e3o de desligamentos.&hellip; <\/p>\n","protected":false},"author":2,"featured_media":176519,"comment_status":"closed","ping_status":"closed","sticky":false,"template":"","format":"standard","meta":{"sfsi_plus_gutenberg_text_before_share":"","sfsi_plus_gutenberg_show_text_before_share":"","sfsi_plus_gutenberg_icon_type":"","sfsi_plus_gutenberg_icon_alignemt":"","sfsi_plus_gutenburg_max_per_row":"","footnotes":""},"categories":[50,16],"tags":[],"class_list":["post-176518","post","type-post","status-publish","format-standard","has-post-thumbnail","hentry","category-destaque","category-saude"],"_links":{"self":[{"href":"https:\/\/www.caririemacao.com\/1\/wp-json\/wp\/v2\/posts\/176518","targetHints":{"allow":["GET"]}}],"collection":[{"href":"https:\/\/www.caririemacao.com\/1\/wp-json\/wp\/v2\/posts"}],"about":[{"href":"https:\/\/www.caririemacao.com\/1\/wp-json\/wp\/v2\/types\/post"}],"author":[{"embeddable":true,"href":"https:\/\/www.caririemacao.com\/1\/wp-json\/wp\/v2\/users\/2"}],"replies":[{"embeddable":true,"href":"https:\/\/www.caririemacao.com\/1\/wp-json\/wp\/v2\/comments?post=176518"}],"version-history":[{"count":1,"href":"https:\/\/www.caririemacao.com\/1\/wp-json\/wp\/v2\/posts\/176518\/revisions"}],"predecessor-version":[{"id":176520,"href":"https:\/\/www.caririemacao.com\/1\/wp-json\/wp\/v2\/posts\/176518\/revisions\/176520"}],"wp:featuredmedia":[{"embeddable":true,"href":"https:\/\/www.caririemacao.com\/1\/wp-json\/wp\/v2\/media\/176519"}],"wp:attachment":[{"href":"https:\/\/www.caririemacao.com\/1\/wp-json\/wp\/v2\/media?parent=176518"}],"wp:term":[{"taxonomy":"category","embeddable":true,"href":"https:\/\/www.caririemacao.com\/1\/wp-json\/wp\/v2\/categories?post=176518"},{"taxonomy":"post_tag","embeddable":true,"href":"https:\/\/www.caririemacao.com\/1\/wp-json\/wp\/v2\/tags?post=176518"}],"curies":[{"name":"wp","href":"https:\/\/api.w.org\/{rel}","templated":true}]}}