{"id":176521,"date":"2020-06-30T07:29:46","date_gmt":"2020-06-30T10:29:46","guid":{"rendered":"https:\/\/www.caririemacao.com\/1\/?p=176521"},"modified":"2020-06-30T07:29:46","modified_gmt":"2020-06-30T10:29:46","slug":"presidente-da-camara-federal-sugere-prorrogacao-de-auxilio-emergencial-por-dois-meses","status":"publish","type":"post","link":"https:\/\/www.caririemacao.com\/1\/2020\/06\/30\/presidente-da-camara-federal-sugere-prorrogacao-de-auxilio-emergencial-por-dois-meses\/","title":{"rendered":"Presidente da C\u00e2mara Federal sugere prorroga\u00e7\u00e3o de aux\u00edlio emergencial por dois meses"},"content":{"rendered":"\n<h1 class=\"wp-block-heading\"><\/h1>\n\n\n\n<p><\/p>\n\n\n\n<p>O presidente da C\u00e2mara,<strong>&nbsp;Rodrigo Maia (DEM-RJ)<\/strong>, defendeu a prorroga\u00e7\u00e3o por mais dois meses do aux\u00edlio emergencial no valor de R$ 600 enquanto o governo e o Parlamento discutem a ado\u00e7\u00e3o de uma renda m\u00ednima permanente. Segundo ele, uma das solu\u00e7\u00f5es \u00e9 a unifica\u00e7\u00e3o dos atuais programas sociais e de prote\u00e7\u00e3o ao emprego.<\/p>\n\n\n\n<p>\u201cTemos que come\u00e7ar esse debate r\u00e1pido, temos muitos trabalhos de professores e acad\u00eamicos, economistas, deputados. Temos recursos em v\u00e1rios minist\u00e9rios, t\u00eam programas de prote\u00e7\u00e3o ao emprego que est\u00e3o mal focalizados, debates sobre a renda. O importante \u00e9 que se renovem os R$ 600 por dois meses e nesse per\u00edodo se possa construir um texto com foco e gerando uma condi\u00e7\u00e3o melhor para os que precisam de uma renda\u201d, disse.<\/p>\n\n\n\n<p><strong>Redu\u00e7\u00e3o de sal\u00e1rios<\/strong><br>Maia comentou decis\u00e3o do Supremo Tribunal Federal (STF) que considerou inconstitucional artigo da Lei de Responsabilidade Fiscal (LRF) que previa a redu\u00e7\u00e3o de jornada e de sal\u00e1rios de servidores p\u00fablicos quando os gastos com despesas de pessoal ultrapassar o teto previsto em lei. Segundo ele, o STF, ao proibir uma medida intermedi\u00e1ria em caso de perda de arrecada\u00e7\u00e3o ( a redu\u00e7\u00e3o dos sal\u00e1rios e da jornada), estabeleceu uma medida mais dr\u00e1stica que \u00e9 a demiss\u00e3o de servidores.<\/p>\n\n\n\n<p>\u201c\u00c9 melhor cortar parte do sal\u00e1rio do que demitir. Tem uma PEC no Senado que pode enfrentar esse problema, e depois, a C\u00e2mara vai se debru\u00e7ar e constitucionalizar esse artigo para que os governadores tenham condi\u00e7\u00f5es de reduzir sal\u00e1rios e n\u00e3o demitir o servidor\u201d, explicou Maia.<\/p>\n","protected":false},"excerpt":{"rendered":"<p>O presidente da C\u00e2mara,&nbsp;Rodrigo Maia (DEM-RJ), defendeu a prorroga\u00e7\u00e3o por mais dois meses do aux\u00edlio emergencial no valor de R$ 600 enquanto o governo e&hellip; <\/p>\n","protected":false},"author":2,"featured_media":173571,"comment_status":"closed","ping_status":"closed","sticky":false,"template":"","format":"standard","meta":{"sfsi_plus_gutenberg_text_before_share":"","sfsi_plus_gutenberg_show_text_before_share":"","sfsi_plus_gutenberg_icon_type":"","sfsi_plus_gutenberg_icon_alignemt":"","sfsi_plus_gutenburg_max_per_row":"","footnotes":""},"categories":[2],"tags":[],"class_list":["post-176521","post","type-post","status-publish","format-standard","has-post-thumbnail","hentry","category-geral"],"_links":{"self":[{"href":"https:\/\/www.caririemacao.com\/1\/wp-json\/wp\/v2\/posts\/176521","targetHints":{"allow":["GET"]}}],"collection":[{"href":"https:\/\/www.caririemacao.com\/1\/wp-json\/wp\/v2\/posts"}],"about":[{"href":"https:\/\/www.caririemacao.com\/1\/wp-json\/wp\/v2\/types\/post"}],"author":[{"embeddable":true,"href":"https:\/\/www.caririemacao.com\/1\/wp-json\/wp\/v2\/users\/2"}],"replies":[{"embeddable":true,"href":"https:\/\/www.caririemacao.com\/1\/wp-json\/wp\/v2\/comments?post=176521"}],"version-history":[{"count":1,"href":"https:\/\/www.caririemacao.com\/1\/wp-json\/wp\/v2\/posts\/176521\/revisions"}],"predecessor-version":[{"id":176523,"href":"https:\/\/www.caririemacao.com\/1\/wp-json\/wp\/v2\/posts\/176521\/revisions\/176523"}],"wp:featuredmedia":[{"embeddable":true,"href":"https:\/\/www.caririemacao.com\/1\/wp-json\/wp\/v2\/media\/173571"}],"wp:attachment":[{"href":"https:\/\/www.caririemacao.com\/1\/wp-json\/wp\/v2\/media?parent=176521"}],"wp:term":[{"taxonomy":"category","embeddable":true,"href":"https:\/\/www.caririemacao.com\/1\/wp-json\/wp\/v2\/categories?post=176521"},{"taxonomy":"post_tag","embeddable":true,"href":"https:\/\/www.caririemacao.com\/1\/wp-json\/wp\/v2\/tags?post=176521"}],"curies":[{"name":"wp","href":"https:\/\/api.w.org\/{rel}","templated":true}]}}