{"id":176527,"date":"2020-06-30T07:37:43","date_gmt":"2020-06-30T10:37:43","guid":{"rendered":"https:\/\/www.caririemacao.com\/1\/?p=176527"},"modified":"2020-06-30T07:37:43","modified_gmt":"2020-06-30T10:37:43","slug":"confira-a-media-diaria-de-internacoes-por-covid-19-na-paraiba","status":"publish","type":"post","link":"https:\/\/www.caririemacao.com\/1\/2020\/06\/30\/confira-a-media-diaria-de-internacoes-por-covid-19-na-paraiba\/","title":{"rendered":"Confira a m\u00e9dia di\u00e1ria de interna\u00e7\u00f5es por Covid-19 na Para\u00edba"},"content":{"rendered":"\n<h1 class=\"wp-block-heading\"><\/h1>\n\n\n\n<p>A Secretaria de Estado da Sa\u00fade (SES) fez um\u00a0balan\u00e7o dos 100 dias de atua\u00e7\u00e3o da Central Estadual de Regula\u00e7\u00e3o Hospitalar (CERH) Covid-19.<\/p>\n\n\n\n<p>Com pouco mais de 3 meses de funcionamento, a Central j\u00e1 realizou mais de 2.600 regula\u00e7\u00f5es hospitalares para o tratamento de pacientes com o novo coronav\u00edrus.<\/p>\n\n\n\n<p>Nesta segunda-feira (29), ap\u00f3s j\u00e1 ter registado a menor taxa de ocupa\u00e7\u00e3o de leitos de UTI do Nordeste, a central registra um crescimento no n\u00famero de interna\u00e7\u00f5es, em compara\u00e7\u00e3o o m\u00eas de maio.<\/p>\n\n\n\n<p>A m\u00e9dia \u00e9 de 45 novas interna\u00e7\u00f5es por dia neste m\u00eas de junho, sendo a maior parte das solicita\u00e7\u00f5es concentradas no munic\u00edpio de Jo\u00e3o Pessoa.<\/p>\n\n\n\n<p>A CERH atua na regula\u00e7\u00e3o de leitos de enfermaria e UTI exclusivos para a Covid-19, em hospitais refer\u00eancia no tratamento da doen\u00e7a.<\/p>\n\n\n\n<p>De acordo com o secret\u00e1rio de Sa\u00fade do Estado, Geraldo Medeiros, houve uma diminui\u00e7\u00e3o no percentual geral de interna\u00e7\u00f5es, em virtude da amplia\u00e7\u00e3o de leitos na Para\u00edba.<\/p>\n\n\n\n<p>\u201cApesar do per\u00edodo de isolamento r\u00edgido, ainda tivemos o crescimento de 11% no n\u00famero de regula\u00e7\u00f5es, um n\u00famero relativamente baixo, se comparado aos meses anteriores, onde tivemos um aumento m\u00e9dio de 400%\u201d, explica o secret\u00e1rio.<\/p>\n\n\n\n<p>Dos 83 munic\u00edpios que j\u00e1 tiveram as regula\u00e7\u00f5es viabilizadas, durante o per\u00edodo de funcionamento da Central, o que concentra a maior quantidade de solicita\u00e7\u00f5es \u00e9 o de Jo\u00e3o Pessoa, com 1292 processos realizados, o equivalente a 49,7% das atividades da Central de Regula\u00e7\u00e3o para Covid-19.<\/p>\n\n\n\n<p>O segundo munic\u00edpio com maior concentra\u00e7\u00e3o \u00e9 o de Campina Grande, seguido de Santa Rita, Guarabira e Bayeux, entre os cinco maiores solicitantes de interna\u00e7\u00e3o hospitalar.<\/p>\n\n\n\n<p>Ainda de acordo com o Secret\u00e1rio de Sa\u00fade do Estado, apesar de n\u00e3o haver um colapso da sa\u00fade na Para\u00edba, n\u00e3o \u00e9 poss\u00edvel descuidar das medidas preventivas.<\/p>\n\n\n\n<p>\u201cN\u00f3s j\u00e1 figuramos entre um dos estados do Nordeste com menor \u00edndice de interna\u00e7\u00f5es em UTIs, por\u00e9m, embora discretamente, os nossos n\u00fameros voltaram a crescer retratando que o isolamento social ainda est\u00e1 abaixo do esperado o que, consequentemente, aumenta a ocupa\u00e7\u00e3o nos leitos de hospitais referenciados para a Covid-19\u201d, refor\u00e7a o secret\u00e1rio.<\/p>\n\n\n\n<p>No m\u00eas de junho, os munic\u00edpios com maior n\u00famero de solicita\u00e7\u00f5es foram Jo\u00e3o Pessoa (553), Campina Grande (158), Guarabira (67), Mamanguape (43), Cajazeiras (43), Santa Rita (42), Sap\u00e9 (31), Sousa (29), Bayeux (28) e Itabaiana (28).<\/p>\n\n\n\n<p>A Central Estadual de Regula\u00e7\u00e3o Hospitalar para o Covid-19 funciona em contato direto com os munic\u00edpios, para habilitar a interna\u00e7\u00e3o de pacientes com s\u00edndrome gripal, com necessidade de tratamento em rede especializada.<\/p>\n","protected":false},"excerpt":{"rendered":"<p>A Secretaria de Estado da Sa\u00fade (SES) fez um\u00a0balan\u00e7o dos 100 dias de atua\u00e7\u00e3o da Central Estadual de Regula\u00e7\u00e3o Hospitalar (CERH) Covid-19. Com pouco mais&hellip; <\/p>\n","protected":false},"author":2,"featured_media":176530,"comment_status":"closed","ping_status":"closed","sticky":false,"template":"","format":"standard","meta":{"sfsi_plus_gutenberg_text_before_share":"","sfsi_plus_gutenberg_show_text_before_share":"","sfsi_plus_gutenberg_icon_type":"","sfsi_plus_gutenberg_icon_alignemt":"","sfsi_plus_gutenburg_max_per_row":"","footnotes":""},"categories":[50,16],"tags":[],"class_list":["post-176527","post","type-post","status-publish","format-standard","has-post-thumbnail","hentry","category-destaque","category-saude"],"_links":{"self":[{"href":"https:\/\/www.caririemacao.com\/1\/wp-json\/wp\/v2\/posts\/176527","targetHints":{"allow":["GET"]}}],"collection":[{"href":"https:\/\/www.caririemacao.com\/1\/wp-json\/wp\/v2\/posts"}],"about":[{"href":"https:\/\/www.caririemacao.com\/1\/wp-json\/wp\/v2\/types\/post"}],"author":[{"embeddable":true,"href":"https:\/\/www.caririemacao.com\/1\/wp-json\/wp\/v2\/users\/2"}],"replies":[{"embeddable":true,"href":"https:\/\/www.caririemacao.com\/1\/wp-json\/wp\/v2\/comments?post=176527"}],"version-history":[{"count":1,"href":"https:\/\/www.caririemacao.com\/1\/wp-json\/wp\/v2\/posts\/176527\/revisions"}],"predecessor-version":[{"id":176531,"href":"https:\/\/www.caririemacao.com\/1\/wp-json\/wp\/v2\/posts\/176527\/revisions\/176531"}],"wp:featuredmedia":[{"embeddable":true,"href":"https:\/\/www.caririemacao.com\/1\/wp-json\/wp\/v2\/media\/176530"}],"wp:attachment":[{"href":"https:\/\/www.caririemacao.com\/1\/wp-json\/wp\/v2\/media?parent=176527"}],"wp:term":[{"taxonomy":"category","embeddable":true,"href":"https:\/\/www.caririemacao.com\/1\/wp-json\/wp\/v2\/categories?post=176527"},{"taxonomy":"post_tag","embeddable":true,"href":"https:\/\/www.caririemacao.com\/1\/wp-json\/wp\/v2\/tags?post=176527"}],"curies":[{"name":"wp","href":"https:\/\/api.w.org\/{rel}","templated":true}]}}