{"id":176535,"date":"2020-06-30T07:45:29","date_gmt":"2020-06-30T10:45:29","guid":{"rendered":"https:\/\/www.caririemacao.com\/1\/?p=176535"},"modified":"2020-06-30T07:45:29","modified_gmt":"2020-06-30T10:45:29","slug":"planalto-adia-posse-de-novo-ministro-da-educacao","status":"publish","type":"post","link":"https:\/\/www.caririemacao.com\/1\/2020\/06\/30\/planalto-adia-posse-de-novo-ministro-da-educacao\/","title":{"rendered":"Planalto adia posse de novo ministro da Educa\u00e7\u00e3o"},"content":{"rendered":"\n<h2 class=\"wp-block-heading\"><\/h2>\n\n\n\n<p>A posse do novo ministro da educa\u00e7\u00e3o Carlos Alberto Decotelli foi adiada pelo governo de Jair Bolsonaro depois de reveladas incoer\u00eancias em seu curr\u00edculo. A cerim\u00f4nia estava marcada para esta ter\u00e7a-feira (30), \u00e0s 16 horas, mas segundo o Estad\u00e3o apurou, o Planalto j\u00e1 avisou que ela n\u00e3o ocorrer\u00e1 nesta data. Depois das den\u00fancias sobre seu doutorado e mestrado, o governo j\u00e1 discute a perman\u00eancia de Decotelli no minist\u00e9rio.<br><br>O pr\u00f3prio grupo militar que indicou o ex-professor est\u00e1 constrangido porque foi surpreendido pelos problemas acad\u00eamicos e est\u00e1 avaliando a repercuss\u00e3o do caso. Ele tamb\u00e9m perdeu o apoio que tinha entre professores da Funda\u00e7\u00e3o Get\u00falio Vargas (FGV), enquanto alas mais ideol\u00f3gicas est\u00e3o fortemente tentando derrub\u00e1-lo antes mesmo de tomar posse.<br><br>Fontes ouvidas pelo Estad\u00e3o, tanto do meio educacional quanto da pol\u00edtica, acreditam que ele n\u00e3o v\u00e1 permanecer como ministro. Deputados tamb\u00e9m adiaram eventos com o ministro na C\u00e2mara diante da indefini\u00e7\u00e3o. A preocupa\u00e7\u00e3o dos militares e de educadores \u00e9 que intregrantes ligados a Olavo de Carvalho agora tenham argumento para indicar um nome.<br><br>Sua nomea\u00e7\u00e3o foi publicada no Di\u00e1rio Oficial depois do nome anunciado. Durante o fim de semana, a crise aumentou e Decotelli chegou a divulgar uma carta mencionando que sua tese de doutorado n\u00e3o teve a defesa autorizada. &#8220;Seria necess\u00e1rio, ent\u00e3o, alterar a tese e submet\u00ea-la novamente \u00e0 banca. Contudo, fruto de compromissos no Brasil e, principalmente, do esgotamento dos recursos financeiros pessoais, o ministro viu-se compelido a tomar a dif\u00edcil decis\u00e3o de regressar ao pa\u00eds sem o t\u00edtulo de Doutor em Administra\u00e7\u00e3o.&#8221; Ele tamb\u00e9m afirmou que iria revisar o trabalho de mestrado na FGV.<br><br>Desde que foi anunciado como novo ministro da Educa\u00e7\u00e3o, Decotelli passou a ter as informa\u00e7\u00f5es de seu curr\u00edculo questionadas. Ao anunciar o sucessor de Abraham Weintraub na pasta, o presidente Jair Bolsonaro mencionou a forma\u00e7\u00e3o do professor: &#8220;Decotelli \u00e9 bacharel em Ci\u00eancias Econ\u00f4micas pela Uerj, Mestre pela FGV, Doutor pela Universidade de Ros\u00e1rio, Argentina, e P\u00f3s-doutor pela Universidade de Wuppertal, na Alemanha&#8221;, escreveu nas redes sociais na quinta-feira, 25.<br><br>No dia seguinte, o t\u00edtulo de doutor do novo ministro da Educa\u00e7\u00e3o foi questionado por Franco Bartolacci, reitor da Universidade Nacional de Ros\u00e1rio, que disse que Decotelli n\u00e3o conclui o doutorado. &#8220;Cursou o doutorado, mas n\u00e3o o concluiu, pois lhe falta a aprova\u00e7\u00e3o da tese. Portanto, ele n\u00e3o \u00e9 doutor pela Universidade Nacional de Ros\u00e1rio, como chegou a se afirmar&#8221;.<br><br>O ministro inicialmente negou a declara\u00e7\u00e3o de Bartolacci e chegou a mostrar certificado de conclus\u00e3o de disciplinas \u00e0 reportagem. &#8220;\u00c9 verdade. Pergunte l\u00e1 para o reitor&#8221;, disse Decotelli na sexta-feira ao Estad\u00e3o. Questionado se havia defendido a tese, requisito para obter o t\u00edtulo de doutor, o ministro n\u00e3o respondeu.<br><br>No fim do dia, o novo titular do MEC atualizou o seu curr\u00edculo na plataforma Lattes, do Conselho Nacional de Desenvolvimento Cient\u00edfico e Tecnol\u00f3gico (CNPq). Ele passou a declarar que teve &#8220;cr\u00e9ditos conclu\u00eddos&#8221; no curso de doutorado, em 2009. No campo relacionado ao orientador, o ministro assinalou: &#8220;Sem defesa de tese&#8221;.<br><br>No s\u00e1bado, 26, a disserta\u00e7\u00e3o de mestrado do ministro tamb\u00e9m foi colocada sob suspeita ap\u00f3s o economista Thomas Conti apontar, no Twitter, poss\u00edveis ind\u00edcios de c\u00f3pia no trabalho, de 2008. Ele citou trechos na disserta\u00e7\u00e3o id\u00eanticos a um relat\u00f3rio do Banco do Estado do Rio Grande do Sul (Banrisul) para a Comiss\u00e3o de Valores Mobili\u00e1rios (CVM). A FGV informou que vai investigar a suspeita de pl\u00e1gio.<br><br>O p\u00f3s-doutorado na Alemanha tamb\u00e9m passou a ser debatido ap\u00f3s a universidade fornecer informa\u00e7\u00f5es diferentes das que constam no curr\u00edculo do ministro.<br><br>&#8220;Tem um simbolismo muito grande ele ter sido desmentido por duas universidades estrangeiras e ainda tem problemas no mestrado&#8221;, diz deputado federal e secret\u00e1rio-geral da Frente Parlamentar Mista de Educa\u00e7\u00e3o, Israel Batista (PV-DF).<br><br>Segundo ele, v\u00e1rios deputados da Frente consideraram esperar a situa\u00e7\u00e3o do ministro para convid\u00e1-lo para uma conversa na C\u00e2mara. A comiss\u00e3o de Educa\u00e7\u00e3o da C\u00e2mara tamb\u00e9m est\u00e1 reavaliando o convite para a participa\u00e7\u00e3o do ministro, marcada para quinta-feira, 2.<br><br>A reportagem questionou o motivo do cancelamento do evento e se a posse ser\u00e1 remarcada. O Pal\u00e1cio do Planalto respondeu que &#8220;em nenhum momento a Secom confirmou o evento \u00e0 imprensa e, at\u00e9 agora, n\u00e3o h\u00e1 previs\u00e3o para essa cerim\u00f4nia.&#8221; O Estad\u00e3o conversou com autoridades que j\u00e1 tinham sido convidadas e receberam aviso sobre adiamento.<br><br>A disputa pelo comando do MEC mobilizou as alas ideol\u00f3gica, militar e civil do Planalto. Decotelli, que \u00e9 oficial da reserva da Marinha, acabou sendo o escolhido por Bolsonaro como uma alternativa apaziguardora e t\u00e9cnica para a fun\u00e7\u00e3o. O objetivo era reparar o desgaste da imagem do minist\u00e9rio ap\u00f3s a gest\u00e3o de Abraham Weintraub.<br><br>Em entrevista ao Estad\u00e3o horas ap\u00f3s ser confirmado como ministro, Decotelli refor\u00e7ou o seu perfil t\u00e9cnico e disse que sua miss\u00e3o era favorecer o dialogo. &#8220;O presidente solicitou a m\u00e1xima dedica\u00e7\u00e3o para fortalecer a gest\u00e3o e a comunica\u00e7\u00e3o do MEC para favorecer o di\u00e1logo.&#8221;<\/p>\n","protected":false},"excerpt":{"rendered":"<p>A posse do novo ministro da educa\u00e7\u00e3o Carlos Alberto Decotelli foi adiada pelo governo de Jair Bolsonaro depois de reveladas incoer\u00eancias em seu curr\u00edculo. A&hellip; <\/p>\n","protected":false},"author":2,"featured_media":176536,"comment_status":"closed","ping_status":"closed","sticky":false,"template":"","format":"standard","meta":{"sfsi_plus_gutenberg_text_before_share":"","sfsi_plus_gutenberg_show_text_before_share":"","sfsi_plus_gutenberg_icon_type":"","sfsi_plus_gutenberg_icon_alignemt":"","sfsi_plus_gutenburg_max_per_row":"","footnotes":""},"categories":[14],"tags":[],"class_list":["post-176535","post","type-post","status-publish","format-standard","has-post-thumbnail","hentry","category-educacao"],"_links":{"self":[{"href":"https:\/\/www.caririemacao.com\/1\/wp-json\/wp\/v2\/posts\/176535","targetHints":{"allow":["GET"]}}],"collection":[{"href":"https:\/\/www.caririemacao.com\/1\/wp-json\/wp\/v2\/posts"}],"about":[{"href":"https:\/\/www.caririemacao.com\/1\/wp-json\/wp\/v2\/types\/post"}],"author":[{"embeddable":true,"href":"https:\/\/www.caririemacao.com\/1\/wp-json\/wp\/v2\/users\/2"}],"replies":[{"embeddable":true,"href":"https:\/\/www.caririemacao.com\/1\/wp-json\/wp\/v2\/comments?post=176535"}],"version-history":[{"count":1,"href":"https:\/\/www.caririemacao.com\/1\/wp-json\/wp\/v2\/posts\/176535\/revisions"}],"predecessor-version":[{"id":176537,"href":"https:\/\/www.caririemacao.com\/1\/wp-json\/wp\/v2\/posts\/176535\/revisions\/176537"}],"wp:featuredmedia":[{"embeddable":true,"href":"https:\/\/www.caririemacao.com\/1\/wp-json\/wp\/v2\/media\/176536"}],"wp:attachment":[{"href":"https:\/\/www.caririemacao.com\/1\/wp-json\/wp\/v2\/media?parent=176535"}],"wp:term":[{"taxonomy":"category","embeddable":true,"href":"https:\/\/www.caririemacao.com\/1\/wp-json\/wp\/v2\/categories?post=176535"},{"taxonomy":"post_tag","embeddable":true,"href":"https:\/\/www.caririemacao.com\/1\/wp-json\/wp\/v2\/tags?post=176535"}],"curies":[{"name":"wp","href":"https:\/\/api.w.org\/{rel}","templated":true}]}}