{"id":176542,"date":"2020-06-30T07:51:27","date_gmt":"2020-06-30T10:51:27","guid":{"rendered":"https:\/\/www.caririemacao.com\/1\/?p=176542"},"modified":"2020-06-30T07:51:27","modified_gmt":"2020-06-30T10:51:27","slug":"paraiba-prazo-da-vacina-contra-a-febre-aftosa-e-prorrogado","status":"publish","type":"post","link":"https:\/\/www.caririemacao.com\/1\/2020\/06\/30\/paraiba-prazo-da-vacina-contra-a-febre-aftosa-e-prorrogado\/","title":{"rendered":"Para\u00edba: Prazo da vacina contra a febre aftosa \u00e9 prorrogado"},"content":{"rendered":"\n<h1 class=\"wp-block-heading\"><\/h1>\n\n\n\n<p>O prazo da vacina contra a febre aftosa foi prorrogado para o dia 31 de julho, na Para\u00edba. A meta do governo do Estado \u00e9 que mais de 90% do rebanho paraibano seja imunizado. Segundo o governo, os criadores ter\u00e3o at\u00e9 o dia 31 de julho para comprar as vacinas contra a doen\u00e7a em farm\u00e1cias autorizadas e vacinarem seus rebanhos. A comprova\u00e7\u00e3o da vacina\u00e7\u00e3o pelo produtor rural poder\u00e1 ser feita at\u00e9 o dia 31 de agosto.<\/p>\n\n\n\n<p>A extens\u00e3o do prazo para vacina\u00e7\u00e3o foi aceita pelo Minist\u00e9rio da Agricultura, Pecu\u00e1ria e Abastecimento e atende a um pleito de representantes dos produtores rurais dos estados da Para\u00edba, Maranh\u00e3o e Piau\u00ed e do F\u00f3rum Nacional dos Executores de Sanidade Agropecu\u00e1ria (Fonesa) Nordeste, em virtude da pandemia do coronav\u00edrus. A Para\u00edba tem o status de \u00e1rea livre da febre aftosa com vacina e, caso atinja a meta de imuniza\u00e7\u00e3o este ano, pretende pleitear o status de \u00e1rea livre de febre aftosa sem vacina\u00e7\u00e3o em 2021. Atualmente o rebanho paraibano \u00e9 composto por 1.285.952 bovinos e 1.976 bubalinos, de acordo com dados da Ger\u00eancia de Defesa Agropecu\u00e1ria do Estado (Geda).<\/p>\n","protected":false},"excerpt":{"rendered":"<p>O prazo da vacina contra a febre aftosa foi prorrogado para o dia 31 de julho, na Para\u00edba. A meta do governo do Estado \u00e9&hellip; <\/p>\n","protected":false},"author":2,"featured_media":176543,"comment_status":"closed","ping_status":"closed","sticky":false,"template":"","format":"standard","meta":{"sfsi_plus_gutenberg_text_before_share":"","sfsi_plus_gutenberg_show_text_before_share":"","sfsi_plus_gutenberg_icon_type":"","sfsi_plus_gutenberg_icon_alignemt":"","sfsi_plus_gutenburg_max_per_row":"","footnotes":""},"categories":[2],"tags":[],"class_list":["post-176542","post","type-post","status-publish","format-standard","has-post-thumbnail","hentry","category-geral"],"_links":{"self":[{"href":"https:\/\/www.caririemacao.com\/1\/wp-json\/wp\/v2\/posts\/176542","targetHints":{"allow":["GET"]}}],"collection":[{"href":"https:\/\/www.caririemacao.com\/1\/wp-json\/wp\/v2\/posts"}],"about":[{"href":"https:\/\/www.caririemacao.com\/1\/wp-json\/wp\/v2\/types\/post"}],"author":[{"embeddable":true,"href":"https:\/\/www.caririemacao.com\/1\/wp-json\/wp\/v2\/users\/2"}],"replies":[{"embeddable":true,"href":"https:\/\/www.caririemacao.com\/1\/wp-json\/wp\/v2\/comments?post=176542"}],"version-history":[{"count":1,"href":"https:\/\/www.caririemacao.com\/1\/wp-json\/wp\/v2\/posts\/176542\/revisions"}],"predecessor-version":[{"id":176544,"href":"https:\/\/www.caririemacao.com\/1\/wp-json\/wp\/v2\/posts\/176542\/revisions\/176544"}],"wp:featuredmedia":[{"embeddable":true,"href":"https:\/\/www.caririemacao.com\/1\/wp-json\/wp\/v2\/media\/176543"}],"wp:attachment":[{"href":"https:\/\/www.caririemacao.com\/1\/wp-json\/wp\/v2\/media?parent=176542"}],"wp:term":[{"taxonomy":"category","embeddable":true,"href":"https:\/\/www.caririemacao.com\/1\/wp-json\/wp\/v2\/categories?post=176542"},{"taxonomy":"post_tag","embeddable":true,"href":"https:\/\/www.caririemacao.com\/1\/wp-json\/wp\/v2\/tags?post=176542"}],"curies":[{"name":"wp","href":"https:\/\/api.w.org\/{rel}","templated":true}]}}