{"id":176556,"date":"2020-06-30T09:25:30","date_gmt":"2020-06-30T12:25:30","guid":{"rendered":"https:\/\/www.caririemacao.com\/1\/?p=176556"},"modified":"2020-06-30T09:25:30","modified_gmt":"2020-06-30T12:25:30","slug":"camara-busca-acordo-para-adiamento-das-eleicoes","status":"publish","type":"post","link":"https:\/\/www.caririemacao.com\/1\/2020\/06\/30\/camara-busca-acordo-para-adiamento-das-eleicoes\/","title":{"rendered":"C\u00e2mara busca acordo para adiamento das elei\u00e7\u00f5es"},"content":{"rendered":"\n<h1 class=\"wp-block-heading\"><\/h1>\n\n\n\n<p>Aprovada pelo Senado na \u00faltima ter\u00e7a-feira (23),&nbsp;<strong><a href=\"https:\/\/congressoemfoco.uol.com.br\/legislativo\/ao-vivo-senado-vota-pec-de-adiamento-das-eleicoes-municipais-de-2020\/\">a PEC 18\/2020<\/a>&nbsp;<\/strong>que&nbsp;adia as elei\u00e7\u00f5es municipais de 2020 em face do avan\u00e7o da&nbsp;<a href=\"https:\/\/congressoemfoco.uol.com.br\/covid19\/graficos\/index.html\"><strong>covid-19<\/strong><\/a>&nbsp;e das medidas preventivas de isolamento social adotadas no pa\u00eds deve ser apreciada nesta semana pela C\u00e2mara. Ainda n\u00e3o h\u00e1 entendimento na Casa para aprova\u00e7\u00e3o da mat\u00e9ria. Favor\u00e1vel ao adiamento, o presidente da C\u00e2mara, Rodrigo Maia (DEM-RJ), acena com libera\u00e7\u00e3o de recursos para munic\u00edpios como um atrativo para os deputados votarem a proposta.<\/p>\n\n\n\n<p>O Centr\u00e3o, bloco informal de partidos de centro e direita com forte influ\u00eancia na C\u00e2mara,&nbsp;<strong>resiste \u00e0 mudan\u00e7a no calend\u00e1rio<\/strong>, j\u00e1 que h\u00e1 press\u00e3o de vereadores e prefeitos sobre os parlamentares.<\/p>\n\n\n\n<p>Na tarde desta segunda-feira (29), Maia participa de uma audi\u00eancia p\u00fablica promovida pelo Superior Tribunal Eleitoral para&nbsp;<strong>discutir o tema<\/strong>. Por se tratar de uma emenda constitucional, a proposta s\u00f3 passar\u00e1 se tiver o apoio de pelo menos 308 dos 513 deputados em dois turnos.<\/p>\n\n\n\n<p>O texto do Senado adia de outubro para 15 e 29 de novembro a realiza\u00e7\u00e3o do primeiro e do segundo turno da disputa municipal.<\/p>\n","protected":false},"excerpt":{"rendered":"<p>Aprovada pelo Senado na \u00faltima ter\u00e7a-feira (23),&nbsp;a PEC 18\/2020&nbsp;que&nbsp;adia as elei\u00e7\u00f5es municipais de 2020 em face do avan\u00e7o da&nbsp;covid-19&nbsp;e das medidas preventivas de isolamento social&hellip; <\/p>\n","protected":false},"author":2,"featured_media":176557,"comment_status":"closed","ping_status":"closed","sticky":false,"template":"","format":"standard","meta":{"sfsi_plus_gutenberg_text_before_share":"","sfsi_plus_gutenberg_show_text_before_share":"","sfsi_plus_gutenberg_icon_type":"","sfsi_plus_gutenberg_icon_alignemt":"","sfsi_plus_gutenburg_max_per_row":"","footnotes":""},"categories":[2],"tags":[],"class_list":["post-176556","post","type-post","status-publish","format-standard","has-post-thumbnail","hentry","category-geral"],"_links":{"self":[{"href":"https:\/\/www.caririemacao.com\/1\/wp-json\/wp\/v2\/posts\/176556","targetHints":{"allow":["GET"]}}],"collection":[{"href":"https:\/\/www.caririemacao.com\/1\/wp-json\/wp\/v2\/posts"}],"about":[{"href":"https:\/\/www.caririemacao.com\/1\/wp-json\/wp\/v2\/types\/post"}],"author":[{"embeddable":true,"href":"https:\/\/www.caririemacao.com\/1\/wp-json\/wp\/v2\/users\/2"}],"replies":[{"embeddable":true,"href":"https:\/\/www.caririemacao.com\/1\/wp-json\/wp\/v2\/comments?post=176556"}],"version-history":[{"count":1,"href":"https:\/\/www.caririemacao.com\/1\/wp-json\/wp\/v2\/posts\/176556\/revisions"}],"predecessor-version":[{"id":176558,"href":"https:\/\/www.caririemacao.com\/1\/wp-json\/wp\/v2\/posts\/176556\/revisions\/176558"}],"wp:featuredmedia":[{"embeddable":true,"href":"https:\/\/www.caririemacao.com\/1\/wp-json\/wp\/v2\/media\/176557"}],"wp:attachment":[{"href":"https:\/\/www.caririemacao.com\/1\/wp-json\/wp\/v2\/media?parent=176556"}],"wp:term":[{"taxonomy":"category","embeddable":true,"href":"https:\/\/www.caririemacao.com\/1\/wp-json\/wp\/v2\/categories?post=176556"},{"taxonomy":"post_tag","embeddable":true,"href":"https:\/\/www.caririemacao.com\/1\/wp-json\/wp\/v2\/tags?post=176556"}],"curies":[{"name":"wp","href":"https:\/\/api.w.org\/{rel}","templated":true}]}}