{"id":176560,"date":"2020-06-30T09:29:12","date_gmt":"2020-06-30T12:29:12","guid":{"rendered":"https:\/\/www.caririemacao.com\/1\/?p=176560"},"modified":"2020-06-30T09:29:12","modified_gmt":"2020-06-30T12:29:12","slug":"policia-militar-recupera-moto-roubada-em-sume","status":"publish","type":"post","link":"https:\/\/www.caririemacao.com\/1\/2020\/06\/30\/policia-militar-recupera-moto-roubada-em-sume\/","title":{"rendered":"Pol\u00edcia Militar recupera moto roubada em Sum\u00e9"},"content":{"rendered":"\n<p>Por volta das 17h10min da segunda-feira (29), a Pol\u00edcia Militar recebeu uma den\u00fancia de que na BR 412, pr\u00f3ximo ao Posto Canarinho em Sum\u00e9, uma motocicleta Honda NXR 150 Bros ES, havia sido tomada por assalto por dois indiv\u00edduos que estava em outra motocicleta. <\/p>\n\n\n\n<p>A v\u00edtima de 23 anos n\u00e3o soube informar as caracter\u00edsticas dos suspeitos que tomaram destino ignorado.<\/p>\n\n\n\n<p>As guarni\u00e7\u00f5es ap\u00f3s dilig\u00eancias, localizaram a motocicleta no Conjunto Habitacional pr\u00f3ximo ao a\u00e7ude, na cidade de Sum\u00e9, nenhum suspeito foi encontrado pr\u00f3ximo ao local, a v\u00edtima e a moto foram encaminhados a Delegacia de Pol\u00edcia Civil.<\/p>\n","protected":false},"excerpt":{"rendered":"<p>Por volta das 17h10min da segunda-feira (29), a Pol\u00edcia Militar recebeu uma den\u00fancia de que na BR 412, pr\u00f3ximo ao Posto Canarinho em Sum\u00e9, uma&hellip; <\/p>\n","protected":false},"author":1,"featured_media":176562,"comment_status":"closed","ping_status":"closed","sticky":false,"template":"","format":"standard","meta":{"sfsi_plus_gutenberg_text_before_share":"","sfsi_plus_gutenberg_show_text_before_share":"","sfsi_plus_gutenberg_icon_type":"","sfsi_plus_gutenberg_icon_alignemt":"","sfsi_plus_gutenburg_max_per_row":"","footnotes":""},"categories":[50,12,95],"tags":[],"class_list":["post-176560","post","type-post","status-publish","format-standard","has-post-thumbnail","hentry","category-destaque","category-policia","category-sume"],"_links":{"self":[{"href":"https:\/\/www.caririemacao.com\/1\/wp-json\/wp\/v2\/posts\/176560","targetHints":{"allow":["GET"]}}],"collection":[{"href":"https:\/\/www.caririemacao.com\/1\/wp-json\/wp\/v2\/posts"}],"about":[{"href":"https:\/\/www.caririemacao.com\/1\/wp-json\/wp\/v2\/types\/post"}],"author":[{"embeddable":true,"href":"https:\/\/www.caririemacao.com\/1\/wp-json\/wp\/v2\/users\/1"}],"replies":[{"embeddable":true,"href":"https:\/\/www.caririemacao.com\/1\/wp-json\/wp\/v2\/comments?post=176560"}],"version-history":[{"count":1,"href":"https:\/\/www.caririemacao.com\/1\/wp-json\/wp\/v2\/posts\/176560\/revisions"}],"predecessor-version":[{"id":176563,"href":"https:\/\/www.caririemacao.com\/1\/wp-json\/wp\/v2\/posts\/176560\/revisions\/176563"}],"wp:featuredmedia":[{"embeddable":true,"href":"https:\/\/www.caririemacao.com\/1\/wp-json\/wp\/v2\/media\/176562"}],"wp:attachment":[{"href":"https:\/\/www.caririemacao.com\/1\/wp-json\/wp\/v2\/media?parent=176560"}],"wp:term":[{"taxonomy":"category","embeddable":true,"href":"https:\/\/www.caririemacao.com\/1\/wp-json\/wp\/v2\/categories?post=176560"},{"taxonomy":"post_tag","embeddable":true,"href":"https:\/\/www.caririemacao.com\/1\/wp-json\/wp\/v2\/tags?post=176560"}],"curies":[{"name":"wp","href":"https:\/\/api.w.org\/{rel}","templated":true}]}}