{"id":17672,"date":"2017-04-12T11:43:15","date_gmt":"2017-04-12T14:43:15","guid":{"rendered":"http:\/\/caririemacao.com\/1\/?p=17672"},"modified":"2017-04-12T11:43:15","modified_gmt":"2017-04-12T14:43:15","slug":"governo-da-paraiba-realiza-licitacao-para-dois-projetos-produtivos-para-serra-branca","status":"publish","type":"post","link":"https:\/\/www.caririemacao.com\/1\/2017\/04\/12\/governo-da-paraiba-realiza-licitacao-para-dois-projetos-produtivos-para-serra-branca\/","title":{"rendered":"Governo da Para\u00edba realiza licita\u00e7\u00e3o para dois projetos produtivos para Serra Branca"},"content":{"rendered":"<p>Atrav\u00e9s do Procase \u2013 Projeto de Desenvolvimento Sustent\u00e1vel do Cariri, Curimatau e Serid\u00f3 \u2013 o governo da Para\u00edba realizar\u00e1 nesta quarta-feira, no munic\u00edpio de Serra Branca, duas licita\u00e7\u00f5es para projetos produtivos nas comunidades do Ligeiro e Lagoinhas.<\/p>\n<p>Conforme informa\u00e7\u00f5es de Joseane Bezerra de Freitas, mobilizadora social do Procase no Cariri Ocidental, o objetivo dos projetos \u00e9 o fortalecimento da cadeia produtiva da caprinocultura, com perfura\u00e7\u00e3o de po\u00e7os, campos de forragem, aquisi\u00e7\u00e3o de matrizes e reprodutores, al\u00e9m de aquisi\u00e7\u00e3o de equipamentos agr\u00edcolas.<\/p>\n<p>Desta vez ser\u00e3o investidos cerca de 250 mil reais nas comunidades de Ligeiro e Lagoinhas.<br \/>\nOutros investimentos j\u00e1 foram realizados pelo Procase no munic\u00edpio de Serra Branca: cinco barragens subterr\u00e2neas, 50 mil raquetes de palma forrageira, perfura\u00e7\u00e3o de cinco po\u00e7os artesianos.<\/p>\n<p><strong>CARIRI EM A\u00c7\u00c3O<\/strong><\/p>\n<p>Emanuel Alysson<br \/>\nJornalismo da Ind FM<\/p>\n<p>Leia mais not\u00edcias em\u00a0<a href=\"http:\/\/www.caririemacao.com\/\">caririemacao.com<\/a>, siga nossa p\u00e1gina no<a href=\"https:\/\/www.facebook.com\/CaririEmAcao\/\">\u00a0Facebook<\/a>\u00a0e\u00a0<a href=\"https:\/\/www.instagram.com\/cariri_em_acao\/?hl=pt-br\">Instagram<\/a>\u00a0veja nossas mat\u00e9rias e fotos. Voc\u00ea tamb\u00e9m pode enviar informa\u00e7\u00f5es \u00e0 Reda\u00e7\u00e3o do Portal Cariri em A\u00e7\u00e3o pelo WhatsApp (83) 9 9634.5791, (83) 9 9601-1162.<\/p>\n","protected":false},"excerpt":{"rendered":"<p>Atrav\u00e9s do Procase \u2013 Projeto de Desenvolvimento Sustent\u00e1vel do Cariri, Curimatau e Serid\u00f3 \u2013 o governo da Para\u00edba realizar\u00e1 nesta quarta-feira, no munic\u00edpio de Serra&hellip; <\/p>\n","protected":false},"author":2,"featured_media":17673,"comment_status":"closed","ping_status":"closed","sticky":false,"template":"","format":"standard","meta":{"sfsi_plus_gutenberg_text_before_share":"","sfsi_plus_gutenberg_show_text_before_share":"","sfsi_plus_gutenberg_icon_type":"","sfsi_plus_gutenberg_icon_alignemt":"","sfsi_plus_gutenburg_max_per_row":"","footnotes":""},"categories":[6],"tags":[],"class_list":["post-17672","post","type-post","status-publish","format-standard","has-post-thumbnail","hentry","category-cidades"],"_links":{"self":[{"href":"https:\/\/www.caririemacao.com\/1\/wp-json\/wp\/v2\/posts\/17672","targetHints":{"allow":["GET"]}}],"collection":[{"href":"https:\/\/www.caririemacao.com\/1\/wp-json\/wp\/v2\/posts"}],"about":[{"href":"https:\/\/www.caririemacao.com\/1\/wp-json\/wp\/v2\/types\/post"}],"author":[{"embeddable":true,"href":"https:\/\/www.caririemacao.com\/1\/wp-json\/wp\/v2\/users\/2"}],"replies":[{"embeddable":true,"href":"https:\/\/www.caririemacao.com\/1\/wp-json\/wp\/v2\/comments?post=17672"}],"version-history":[{"count":0,"href":"https:\/\/www.caririemacao.com\/1\/wp-json\/wp\/v2\/posts\/17672\/revisions"}],"wp:featuredmedia":[{"embeddable":true,"href":"https:\/\/www.caririemacao.com\/1\/wp-json\/wp\/v2\/media\/17673"}],"wp:attachment":[{"href":"https:\/\/www.caririemacao.com\/1\/wp-json\/wp\/v2\/media?parent=17672"}],"wp:term":[{"taxonomy":"category","embeddable":true,"href":"https:\/\/www.caririemacao.com\/1\/wp-json\/wp\/v2\/categories?post=17672"},{"taxonomy":"post_tag","embeddable":true,"href":"https:\/\/www.caririemacao.com\/1\/wp-json\/wp\/v2\/tags?post=17672"}],"curies":[{"name":"wp","href":"https:\/\/api.w.org\/{rel}","templated":true}]}}