{"id":17676,"date":"2017-04-12T11:48:00","date_gmt":"2017-04-12T14:48:00","guid":{"rendered":"http:\/\/caririemacao.com\/1\/?p=17676"},"modified":"2017-04-12T11:48:00","modified_gmt":"2017-04-12T14:48:00","slug":"prefeitos-da-pb-rn-pe-e-ce-prometem-bloquear-br-230-em-protesto-no-dia-5-de-maio","status":"publish","type":"post","link":"https:\/\/www.caririemacao.com\/1\/2017\/04\/12\/prefeitos-da-pb-rn-pe-e-ce-prometem-bloquear-br-230-em-protesto-no-dia-5-de-maio\/","title":{"rendered":"Prefeitos da PB, RN, PE e CE prometem bloquear BR 230 em protesto no dia 5 de maio"},"content":{"rendered":"<p>Prefeitos da Para\u00edba, Rio Grande do Norte, Pernambuco e Cear\u00e1 est\u00e3o mobilizando um protesto que promete interromper o tr\u00e1fego na BR 230, no Cariri da Para\u00edba, no pr\u00f3ximo dia 5 de maio. O presidente da Federa\u00e7\u00e3o das Associa\u00e7\u00f5es dos Munic\u00edpios da Para\u00edba (Famup), Tota Guedes, afirmou que a pauta de reivindica\u00e7\u00f5es est\u00e1 sendo fechada em conjunto e trata de um movimento municipalista que pede um novo modelo do pacto federativo.<\/p>\n<p>Segundo Tota Guedes, a paralisa\u00e7\u00e3o dos prefeitos pretende chamar aten\u00e7\u00e3o para &#8220;a real situa\u00e7\u00e3o em que se encontram os munic\u00edpios do Nordeste&#8221;. A concentra\u00e7\u00e3o ser\u00e1 na localidade conhecida por Pra\u00e7a do Meio do Mundo, que fica na BR 230, pr\u00f3xima do acesso ao munic\u00edpio de Monteiro (na regi\u00e3o do Cariri paraibano).<\/p>\n<p>O presidente da Famup disse que j\u00e1 confirmou a presen\u00e7a de prefeitos do Cear\u00e1, de Pernambuco e do Rio Grande do Norte. &#8220;Nossa pauta do dia 5 \u00e9 a quest\u00e3o do pacto federativo, dos reajustes dos repasses para programas sociais, para que que os munic\u00edpios possam toca-los, e a busca por um novo parcelamento do INSS, aos moldes que fizemos em 2015&#8221;, explicou.<\/p>\n<p>Para Tota Guedes, esses tr\u00eas primeiros meses das gest\u00f5es municipais foram marcados por &#8220;cautela&#8221; dos prefeitos, que est\u00e3o cuidando de colocar a m\u00e1quina para funcionar novamente. &#8220;Num segundo momento, eles v\u00e3o tocar as obras que j\u00e1 foram iniciadas e procurar manter e renovar os conv\u00eanios com o estado e com o governo federal&#8221;, disse.<\/p>\n<p><strong>CARIRI EM A\u00c7\u00c3O<\/strong><\/p>\n<p>Portal Correio<\/p>\n<p>Leia mais not\u00edcias em\u00a0<a href=\"http:\/\/www.caririemacao.com\/\">caririemacao.com<\/a>, siga nossa p\u00e1gina no<a href=\"https:\/\/www.facebook.com\/CaririEmAcao\/\">\u00a0Facebook<\/a>\u00a0e\u00a0<a href=\"https:\/\/www.instagram.com\/cariri_em_acao\/?hl=pt-br\">Instagram<\/a>\u00a0veja nossas mat\u00e9rias e fotos. Voc\u00ea tamb\u00e9m pode enviar informa\u00e7\u00f5es \u00e0 Reda\u00e7\u00e3o do Portal Cariri em A\u00e7\u00e3o pelo WhatsApp (83) 9 9634.5791, (83) 9 9601-1162.<\/p>\n","protected":false},"excerpt":{"rendered":"<p>Prefeitos da Para\u00edba, Rio Grande do Norte, Pernambuco e Cear\u00e1 est\u00e3o mobilizando um protesto que promete interromper o tr\u00e1fego na BR 230, no Cariri da&hellip; <\/p>\n","protected":false},"author":2,"featured_media":17677,"comment_status":"closed","ping_status":"closed","sticky":false,"template":"","format":"standard","meta":{"sfsi_plus_gutenberg_text_before_share":"","sfsi_plus_gutenberg_show_text_before_share":"","sfsi_plus_gutenberg_icon_type":"","sfsi_plus_gutenberg_icon_alignemt":"","sfsi_plus_gutenburg_max_per_row":"","footnotes":""},"categories":[11],"tags":[],"class_list":["post-17676","post","type-post","status-publish","format-standard","has-post-thumbnail","hentry","category-politica"],"_links":{"self":[{"href":"https:\/\/www.caririemacao.com\/1\/wp-json\/wp\/v2\/posts\/17676","targetHints":{"allow":["GET"]}}],"collection":[{"href":"https:\/\/www.caririemacao.com\/1\/wp-json\/wp\/v2\/posts"}],"about":[{"href":"https:\/\/www.caririemacao.com\/1\/wp-json\/wp\/v2\/types\/post"}],"author":[{"embeddable":true,"href":"https:\/\/www.caririemacao.com\/1\/wp-json\/wp\/v2\/users\/2"}],"replies":[{"embeddable":true,"href":"https:\/\/www.caririemacao.com\/1\/wp-json\/wp\/v2\/comments?post=17676"}],"version-history":[{"count":0,"href":"https:\/\/www.caririemacao.com\/1\/wp-json\/wp\/v2\/posts\/17676\/revisions"}],"wp:featuredmedia":[{"embeddable":true,"href":"https:\/\/www.caririemacao.com\/1\/wp-json\/wp\/v2\/media\/17677"}],"wp:attachment":[{"href":"https:\/\/www.caririemacao.com\/1\/wp-json\/wp\/v2\/media?parent=17676"}],"wp:term":[{"taxonomy":"category","embeddable":true,"href":"https:\/\/www.caririemacao.com\/1\/wp-json\/wp\/v2\/categories?post=17676"},{"taxonomy":"post_tag","embeddable":true,"href":"https:\/\/www.caririemacao.com\/1\/wp-json\/wp\/v2\/tags?post=17676"}],"curies":[{"name":"wp","href":"https:\/\/api.w.org\/{rel}","templated":true}]}}