{"id":176766,"date":"2020-07-01T13:42:59","date_gmt":"2020-07-01T16:42:59","guid":{"rendered":"https:\/\/www.caririemacao.com\/1\/?p=176766"},"modified":"2020-07-01T13:42:59","modified_gmt":"2020-07-01T16:42:59","slug":"prefeitura-de-sao-sebastiao-adquire-mais-um-novo-onibus-escolar","status":"publish","type":"post","link":"https:\/\/www.caririemacao.com\/1\/2020\/07\/01\/prefeitura-de-sao-sebastiao-adquire-mais-um-novo-onibus-escolar\/","title":{"rendered":"Prefeitura de S\u00e3o Sebasti\u00e3o adquire mais um novo \u00f4nibus escolar"},"content":{"rendered":"\n<p>A Prefeitura de S\u00e3o Sebasti\u00e3o do Umbuzeiro acaba de anunciar a aquisi\u00e7\u00e3o de mais um \u00f4nibus escolar.<\/p>\n\n\n\n<p><br>Trata-se de um ve\u00edculo com 49 lugares fruto de uma emenda do Deputado Estadual Adriano Galdino, atrav\u00e9s do Governo do Estado.<\/p>\n\n\n\n<p><br>Nos \u00faltimos 03 anos e meio, a frota p\u00fablica de S\u00e3o Sebasti\u00e3o do Umbuzeiro j\u00e1 teve a aquisi\u00e7\u00e3o de 12 novos ve\u00edculos, de v\u00e1rios modelos, dos quais 03, foram transportes escolares.<\/p>\n\n\n\n<p><br>De acordo com o prefeito Adriano Wolff, ainda em 2020 um novo transporte escolar deve ser adquirido, faltando apenas tramites burocr\u00e1ticos para a confirma\u00e7\u00e3o de mais uma aquisi\u00e7\u00e3o.<\/p>\n\n\n\n<p><strong><br>F\u00c1BIO BRITO<\/strong><\/p>\n","protected":false},"excerpt":{"rendered":"<p>A Prefeitura de S\u00e3o Sebasti\u00e3o do Umbuzeiro acaba de anunciar a aquisi\u00e7\u00e3o de mais um \u00f4nibus escolar. Trata-se de um ve\u00edculo com 49 lugares fruto&hellip; <\/p>\n","protected":false},"author":2,"featured_media":176767,"comment_status":"closed","ping_status":"closed","sticky":false,"template":"","format":"standard","meta":{"sfsi_plus_gutenberg_text_before_share":"","sfsi_plus_gutenberg_show_text_before_share":"","sfsi_plus_gutenberg_icon_type":"","sfsi_plus_gutenberg_icon_alignemt":"","sfsi_plus_gutenburg_max_per_row":"","footnotes":""},"categories":[6,92],"tags":[],"class_list":["post-176766","post","type-post","status-publish","format-standard","has-post-thumbnail","hentry","category-cidades","category-sao-sebastiao-do-umbuzeiro"],"_links":{"self":[{"href":"https:\/\/www.caririemacao.com\/1\/wp-json\/wp\/v2\/posts\/176766","targetHints":{"allow":["GET"]}}],"collection":[{"href":"https:\/\/www.caririemacao.com\/1\/wp-json\/wp\/v2\/posts"}],"about":[{"href":"https:\/\/www.caririemacao.com\/1\/wp-json\/wp\/v2\/types\/post"}],"author":[{"embeddable":true,"href":"https:\/\/www.caririemacao.com\/1\/wp-json\/wp\/v2\/users\/2"}],"replies":[{"embeddable":true,"href":"https:\/\/www.caririemacao.com\/1\/wp-json\/wp\/v2\/comments?post=176766"}],"version-history":[{"count":1,"href":"https:\/\/www.caririemacao.com\/1\/wp-json\/wp\/v2\/posts\/176766\/revisions"}],"predecessor-version":[{"id":176768,"href":"https:\/\/www.caririemacao.com\/1\/wp-json\/wp\/v2\/posts\/176766\/revisions\/176768"}],"wp:featuredmedia":[{"embeddable":true,"href":"https:\/\/www.caririemacao.com\/1\/wp-json\/wp\/v2\/media\/176767"}],"wp:attachment":[{"href":"https:\/\/www.caririemacao.com\/1\/wp-json\/wp\/v2\/media?parent=176766"}],"wp:term":[{"taxonomy":"category","embeddable":true,"href":"https:\/\/www.caririemacao.com\/1\/wp-json\/wp\/v2\/categories?post=176766"},{"taxonomy":"post_tag","embeddable":true,"href":"https:\/\/www.caririemacao.com\/1\/wp-json\/wp\/v2\/tags?post=176766"}],"curies":[{"name":"wp","href":"https:\/\/api.w.org\/{rel}","templated":true}]}}