{"id":176770,"date":"2020-07-01T13:46:01","date_gmt":"2020-07-01T16:46:01","guid":{"rendered":"https:\/\/www.caririemacao.com\/1\/?p=176770"},"modified":"2020-07-01T13:46:01","modified_gmt":"2020-07-01T16:46:01","slug":"municipio-de-prata-confirma-primeiro-caso-positivo-de-covid-19","status":"publish","type":"post","link":"https:\/\/www.caririemacao.com\/1\/2020\/07\/01\/municipio-de-prata-confirma-primeiro-caso-positivo-de-covid-19\/","title":{"rendered":"Munic\u00edpio de Prata confirma primeiro caso positivo de Covid-19"},"content":{"rendered":"\n<p>A Prefeitura de Prata, atrav\u00e9s da Secretaria de Sa\u00fade do munic\u00edpio, confirmou no in\u00edcio da manh\u00e3 desta quarta-feira (01), o primeiro caso positivo de Covid-19 no munic\u00edpio.<\/p>\n\n\n\n<p>Trata-se de um paciente do sexo masculino, idade n\u00e3o revelada, e que est\u00e1 em isolamento domiciliar.<\/p>\n\n\n\n<p>Com um caso confirmado, o munic\u00edpio investiga outros 5 casos suspeitos. 22 casos foram descartados.<\/p>\n","protected":false},"excerpt":{"rendered":"<p>A Prefeitura de Prata, atrav\u00e9s da Secretaria de Sa\u00fade do munic\u00edpio, confirmou no in\u00edcio da manh\u00e3 desta quarta-feira (01), o primeiro caso positivo de Covid-19&hellip; <\/p>\n","protected":false},"author":2,"featured_media":176771,"comment_status":"closed","ping_status":"closed","sticky":false,"template":"","format":"standard","meta":{"sfsi_plus_gutenberg_text_before_share":"","sfsi_plus_gutenberg_show_text_before_share":"","sfsi_plus_gutenberg_icon_type":"","sfsi_plus_gutenberg_icon_alignemt":"","sfsi_plus_gutenburg_max_per_row":"","footnotes":""},"categories":[6,85],"tags":[],"class_list":["post-176770","post","type-post","status-publish","format-standard","has-post-thumbnail","hentry","category-cidades","category-prata"],"_links":{"self":[{"href":"https:\/\/www.caririemacao.com\/1\/wp-json\/wp\/v2\/posts\/176770","targetHints":{"allow":["GET"]}}],"collection":[{"href":"https:\/\/www.caririemacao.com\/1\/wp-json\/wp\/v2\/posts"}],"about":[{"href":"https:\/\/www.caririemacao.com\/1\/wp-json\/wp\/v2\/types\/post"}],"author":[{"embeddable":true,"href":"https:\/\/www.caririemacao.com\/1\/wp-json\/wp\/v2\/users\/2"}],"replies":[{"embeddable":true,"href":"https:\/\/www.caririemacao.com\/1\/wp-json\/wp\/v2\/comments?post=176770"}],"version-history":[{"count":1,"href":"https:\/\/www.caririemacao.com\/1\/wp-json\/wp\/v2\/posts\/176770\/revisions"}],"predecessor-version":[{"id":176772,"href":"https:\/\/www.caririemacao.com\/1\/wp-json\/wp\/v2\/posts\/176770\/revisions\/176772"}],"wp:featuredmedia":[{"embeddable":true,"href":"https:\/\/www.caririemacao.com\/1\/wp-json\/wp\/v2\/media\/176771"}],"wp:attachment":[{"href":"https:\/\/www.caririemacao.com\/1\/wp-json\/wp\/v2\/media?parent=176770"}],"wp:term":[{"taxonomy":"category","embeddable":true,"href":"https:\/\/www.caririemacao.com\/1\/wp-json\/wp\/v2\/categories?post=176770"},{"taxonomy":"post_tag","embeddable":true,"href":"https:\/\/www.caririemacao.com\/1\/wp-json\/wp\/v2\/tags?post=176770"}],"curies":[{"name":"wp","href":"https:\/\/api.w.org\/{rel}","templated":true}]}}