{"id":17679,"date":"2017-04-12T12:20:24","date_gmt":"2017-04-12T15:20:24","guid":{"rendered":"http:\/\/caririemacao.com\/1\/?p=17679"},"modified":"2017-04-12T12:21:27","modified_gmt":"2017-04-12T15:21:27","slug":"dr-neto-tem-contas-de-2014-aprovadas-pelo-tce","status":"publish","type":"post","link":"https:\/\/www.caririemacao.com\/1\/2017\/04\/12\/dr-neto-tem-contas-de-2014-aprovadas-pelo-tce\/","title":{"rendered":"Dr. Neto tem contas de 2014 aprovadas pelo TCE"},"content":{"rendered":"<p>As contas da Prefeitura de Sum\u00e9 referentes ao exerc\u00edcio financeiro de 2014 foram aprovadas na manh\u00e3 desta quarta-feira (12) pelo Tribunal de Contas da Para\u00edba.<\/p>\n<p>Para o ex-prefeito Francisco Duarte da Silva Neto \u201cDr. Neto\u201d, essa aprova\u00e7\u00e3o \u00e9 um reflexo do compromisso da equipe administrativa, que sempre se manteve firme e comprometida com a responsabilidade fiscal.<\/p>\n<p>\u201cA aprova\u00e7\u00e3o do exerc\u00edcio de 2014 \u00e9 mais uma prova desse compromisso\u201d, afirmou.<\/p>\n<p><strong>CARIRI EM A\u00c7\u00c3O<\/strong><\/p>\n<p>Leia mais not\u00edcias em\u00a0<a href=\"http:\/\/www.caririemacao.com\/\">caririemacao.com<\/a>, siga nossa p\u00e1gina no<a href=\"https:\/\/www.facebook.com\/CaririEmAcao\/\">\u00a0Facebook<\/a>\u00a0e\u00a0<a href=\"https:\/\/www.instagram.com\/cariri_em_acao\/?hl=pt-br\">Instagram<\/a>\u00a0veja nossas mat\u00e9rias e fotos. Voc\u00ea tamb\u00e9m pode enviar informa\u00e7\u00f5es \u00e0 Reda\u00e7\u00e3o do Portal Cariri em A\u00e7\u00e3o pelo WhatsApp (83) 9 9634.5791, (83) 9 9601-1162.<\/p>\n","protected":false},"excerpt":{"rendered":"<p>As contas da Prefeitura de Sum\u00e9 referentes ao exerc\u00edcio financeiro de 2014 foram aprovadas na manh\u00e3 desta quarta-feira (12) pelo Tribunal de Contas da Para\u00edba.&hellip; <\/p>\n","protected":false},"author":2,"featured_media":17681,"comment_status":"closed","ping_status":"closed","sticky":false,"template":"","format":"standard","meta":{"sfsi_plus_gutenberg_text_before_share":"","sfsi_plus_gutenberg_show_text_before_share":"","sfsi_plus_gutenberg_icon_type":"","sfsi_plus_gutenberg_icon_alignemt":"","sfsi_plus_gutenburg_max_per_row":"","footnotes":""},"categories":[11],"tags":[],"class_list":["post-17679","post","type-post","status-publish","format-standard","has-post-thumbnail","hentry","category-politica"],"_links":{"self":[{"href":"https:\/\/www.caririemacao.com\/1\/wp-json\/wp\/v2\/posts\/17679","targetHints":{"allow":["GET"]}}],"collection":[{"href":"https:\/\/www.caririemacao.com\/1\/wp-json\/wp\/v2\/posts"}],"about":[{"href":"https:\/\/www.caririemacao.com\/1\/wp-json\/wp\/v2\/types\/post"}],"author":[{"embeddable":true,"href":"https:\/\/www.caririemacao.com\/1\/wp-json\/wp\/v2\/users\/2"}],"replies":[{"embeddable":true,"href":"https:\/\/www.caririemacao.com\/1\/wp-json\/wp\/v2\/comments?post=17679"}],"version-history":[{"count":0,"href":"https:\/\/www.caririemacao.com\/1\/wp-json\/wp\/v2\/posts\/17679\/revisions"}],"wp:featuredmedia":[{"embeddable":true,"href":"https:\/\/www.caririemacao.com\/1\/wp-json\/wp\/v2\/media\/17681"}],"wp:attachment":[{"href":"https:\/\/www.caririemacao.com\/1\/wp-json\/wp\/v2\/media?parent=17679"}],"wp:term":[{"taxonomy":"category","embeddable":true,"href":"https:\/\/www.caririemacao.com\/1\/wp-json\/wp\/v2\/categories?post=17679"},{"taxonomy":"post_tag","embeddable":true,"href":"https:\/\/www.caririemacao.com\/1\/wp-json\/wp\/v2\/tags?post=17679"}],"curies":[{"name":"wp","href":"https:\/\/api.w.org\/{rel}","templated":true}]}}