{"id":176828,"date":"2020-07-01T17:00:18","date_gmt":"2020-07-01T20:00:18","guid":{"rendered":"https:\/\/www.caririemacao.com\/1\/?p=176828"},"modified":"2020-07-01T17:00:18","modified_gmt":"2020-07-01T20:00:18","slug":"uepb-publica-edital-do-sisu-2020-2-com-2-229-vagas-em-cursos-superiores","status":"publish","type":"post","link":"https:\/\/www.caririemacao.com\/1\/2020\/07\/01\/uepb-publica-edital-do-sisu-2020-2-com-2-229-vagas-em-cursos-superiores\/","title":{"rendered":"UEPB publica edital do Sisu 2020.2 com 2.229 vagas em cursos superiores"},"content":{"rendered":"\n<p>A Universidade Estadual da Para\u00edba (UEPB) publicou, nesta quarta-feira (1\u00ba), o\u00a0edital de ingresso pelo Sistema de Sele\u00e7\u00e3o Unificada (Sisu 2020.2), com mais de 2,2 mil vagas de cursos de gradua\u00e7\u00e3o com in\u00edcio no 2\u00ba per\u00edodo de 2020. As inscri\u00e7\u00f5es acontecer\u00e3o entre os dias 7 e 10 de julho no\u00a0site do Sisu.<\/p>\n\n\n\n<p>Est\u00e3o dispon\u00edveis\u00a02.229 vagas, destinadas para quem fez as provas do Exame Nacional do Ensino M\u00e9dio (Enem) em 2019, para todos os cursos de gradua\u00e7\u00e3o da institui\u00e7\u00e3o, distribu\u00eddos em oito c\u00e2mpus localizados nas cidades de Campina Grande, Catol\u00e9 do Rocha, Jo\u00e3o Pessoa, Lagoa Seca, Guarabira, Araruna, Monteiro e Patos.<\/p>\n\n\n\n<p>O resultado da chamada regular ser\u00e1 divulgado no dia 14 de julho no&nbsp;<a href=\"https:\/\/sisu.mec.gov.br\/#\/\" target=\"_blank\" rel=\"noreferrer noopener\">site do Sisu<\/a>. A matr\u00edcula dos selecionados na chamada regular ser\u00e1 realizada entre os dias 16 e 21 de julho.<\/p>\n\n\n\n<p>Para se matricular, o estudante encaminhar para a coordena\u00e7\u00e3o do curso que escolheu os seguintes documentos junto com as suas c\u00f3pias autenticadas:<\/p>\n\n\n\n<ul class=\"wp-block-list\"><li>Certificado de conclus\u00e3o do Ensino M\u00e9dio e Hist\u00f3rico Escolar,<\/li><li>documento de Identidade,<\/li><li>prova de quita\u00e7\u00e3o com o Servi\u00e7o Militar (candidatos do sexo masculino),<\/li><li>registro de nascimento ou certid\u00e3o de casamento,<\/li><li>prova de quita\u00e7\u00e3o com o TER (para maiores de 18 anos),<\/li><li>CPF e<\/li><li>uma fotografia tirada recentemente no formato 3&#215;4.<\/li><\/ul>\n\n\n\n<p>D\u00favidas sobre o procedimento podem ser tiradas por meio do e-mail recepcaoprograduepb@gmail.com.<\/p>\n\n\n\n<p>Com G1 PB<\/p>\n","protected":false},"excerpt":{"rendered":"<p>A Universidade Estadual da Para\u00edba (UEPB) publicou, nesta quarta-feira (1\u00ba), o\u00a0edital de ingresso pelo Sistema de Sele\u00e7\u00e3o Unificada (Sisu 2020.2), com mais de 2,2 mil&hellip; <\/p>\n","protected":false},"author":1,"featured_media":176829,"comment_status":"closed","ping_status":"closed","sticky":false,"template":"","format":"standard","meta":{"sfsi_plus_gutenberg_text_before_share":"","sfsi_plus_gutenberg_show_text_before_share":"","sfsi_plus_gutenberg_icon_type":"","sfsi_plus_gutenberg_icon_alignemt":"","sfsi_plus_gutenburg_max_per_row":"","footnotes":""},"categories":[14],"tags":[],"class_list":["post-176828","post","type-post","status-publish","format-standard","has-post-thumbnail","hentry","category-educacao"],"_links":{"self":[{"href":"https:\/\/www.caririemacao.com\/1\/wp-json\/wp\/v2\/posts\/176828","targetHints":{"allow":["GET"]}}],"collection":[{"href":"https:\/\/www.caririemacao.com\/1\/wp-json\/wp\/v2\/posts"}],"about":[{"href":"https:\/\/www.caririemacao.com\/1\/wp-json\/wp\/v2\/types\/post"}],"author":[{"embeddable":true,"href":"https:\/\/www.caririemacao.com\/1\/wp-json\/wp\/v2\/users\/1"}],"replies":[{"embeddable":true,"href":"https:\/\/www.caririemacao.com\/1\/wp-json\/wp\/v2\/comments?post=176828"}],"version-history":[{"count":1,"href":"https:\/\/www.caririemacao.com\/1\/wp-json\/wp\/v2\/posts\/176828\/revisions"}],"predecessor-version":[{"id":176830,"href":"https:\/\/www.caririemacao.com\/1\/wp-json\/wp\/v2\/posts\/176828\/revisions\/176830"}],"wp:featuredmedia":[{"embeddable":true,"href":"https:\/\/www.caririemacao.com\/1\/wp-json\/wp\/v2\/media\/176829"}],"wp:attachment":[{"href":"https:\/\/www.caririemacao.com\/1\/wp-json\/wp\/v2\/media?parent=176828"}],"wp:term":[{"taxonomy":"category","embeddable":true,"href":"https:\/\/www.caririemacao.com\/1\/wp-json\/wp\/v2\/categories?post=176828"},{"taxonomy":"post_tag","embeddable":true,"href":"https:\/\/www.caririemacao.com\/1\/wp-json\/wp\/v2\/tags?post=176828"}],"curies":[{"name":"wp","href":"https:\/\/api.w.org\/{rel}","templated":true}]}}