{"id":176837,"date":"2020-07-01T17:18:25","date_gmt":"2020-07-01T20:18:25","guid":{"rendered":"https:\/\/www.caririemacao.com\/1\/?p=176837"},"modified":"2020-07-01T17:18:25","modified_gmt":"2020-07-01T20:18:25","slug":"brasil-passa-de-60-mil-mortes-e-14-milhao-de-casos-de-covid","status":"publish","type":"post","link":"https:\/\/www.caririemacao.com\/1\/2020\/07\/01\/brasil-passa-de-60-mil-mortes-e-14-milhao-de-casos-de-covid\/","title":{"rendered":"Brasil passa de 60 mil mortes e 1,4 milh\u00e3o de casos de Covid"},"content":{"rendered":"\n<p>O Brasil passou das 60 mil mortes por coronav\u00edrus confirmadas na manh\u00e3 desta quarta-feira (1\u00ba), pouco mais de 4 meses ap\u00f3s a doen\u00e7a chegar ao pa\u00eds. Os dados s\u00e3o de um levantamento feito pelo\u00a0cons\u00f3rcio de ve\u00edculos de imprensa\u00a0a partir de dados das secretarias estaduais de Sa\u00fade.<\/p>\n\n\n\n<p>Veja os dados atualizados \u00e0s 13h desta quarta-feira (1):<\/p>\n\n\n\n<ul class=\"wp-block-list\"><li>60.194 mortos<\/li><li>1.426.913 casos confirmados<\/li><\/ul>\n\n\n\n<p>Antes da atualiza\u00e7\u00e3o das 13h, o cons\u00f3rcio divulgou um primeiro boletim, \u00e0s 8h. Segundo os dados disponibilizados naquele hor\u00e1rio, pela manh\u00e3, o Brasil contava 59.745 mortos e 1.409.693 casos confirmados.<\/p>\n\n\n\n<p>O cons\u00f3rcio divulgou na ter\u00e7a-feira (30), \u00e0s 20h, o\u00a023\u00ba balan\u00e7o, com os dados mais atualizados das secretarias estaduais naquele momento. Desde ent\u00e3o, CE, DF, GO, MG, MS, PE, RN, RR e SP divulgaram novos dados.<\/p>\n\n\n\n<p>(Na ter\u00e7a-feira, 30, \u00e0s 20h, o balan\u00e7o indicou:\u00a059.656 mortes, 1.271 em 24 horas; e 1.408.485 casos confirmados.)<\/p>\n\n\n\n<h2 class=\"wp-block-heading\">Cons\u00f3rcio de ve\u00edculos de imprensa<\/h2>\n\n\n\n<p>Os dados sobre casos e mortes de coronav\u00edrus no Brasil foram obtidos ap\u00f3s uma parceria in\u00e9dita entre&nbsp;<strong>G1<\/strong>, O Globo, Extra, O Estado de S.Paulo, Folha de S.Paulo e UOL, que passaram a trabalhar, desde o dia 8 de junho, de forma colaborativa para reunir as informa\u00e7\u00f5es necess\u00e1rias nos 26 estados e no Distrito Federal.<\/p>\n\n\n\n<p>O objetivo \u00e9 que os brasileiros possam saber como est\u00e1 a evolu\u00e7\u00e3o e o total de \u00f3bitos provocados pela Covid-19, al\u00e9m dos n\u00fameros consolidados de casos testados e com resultado positivo para o novo coronav\u00edrus.<\/p>\n\n\n\n<p>A parceria entre os ve\u00edculos de comunica\u00e7\u00e3o foi feita em resposta \u00e0 decis\u00e3o do governo Jair Bolsonaro de restringir o acesso a dados sobre a pandemia da Covid-19. Personalidades do mundo pol\u00edtico e jur\u00eddico, juntamente com entidades representativas de profissionais e da imprensa,\u00a0elogiaram a iniciativa.<\/p>\n\n\n\n<p>Mudan\u00e7as feitas pelo Minist\u00e9rio da Sa\u00fade na publica\u00e7\u00e3o de seu balan\u00e7o da pandemia reduziram por alguns dias a quantidade e a qualidade dos dados. Primeiro, o hor\u00e1rio de divulga\u00e7\u00e3o, que era \u00e0s 17h na gest\u00e3o do ministro Luiz Henrique Mandetta (at\u00e9 17 de abril), passou para as 19h e depois para as 22h. Isso dificultou ou inviabilizou a publica\u00e7\u00e3o dos dados em telejornais e ve\u00edculos impressos.\u00a0\u201cAcabou mat\u00e9ria no Jornal Nacional\u201d, disse o presidente Jair Bolsonaro, em tom de deboche, ao comentar a mudan\u00e7a.<\/p>\n\n\n\n<p>A segunda altera\u00e7\u00e3o foi de car\u00e1ter qualitativo. O portal no qual o minist\u00e9rio divulga o n\u00famero de mortos e contaminados foi retirado do ar na noite de 4 de junho. Quando retornou, depois de mais de 19 horas, passou a apresentar apenas informa\u00e7\u00f5es sobre os casos \u201cnovos\u201d, ou seja, registrados no pr\u00f3prio dia.\u00a0Desapareceram os n\u00fameros consolidados e o hist\u00f3rico da doen\u00e7a desde seu come\u00e7o. Tamb\u00e9m foram eliminados do site os links para downloads de dados em formato de tabela, essenciais para an\u00e1lises de pesquisadores e jornalistas, e que alimentavam outras iniciativas de divulga\u00e7\u00e3o.<\/p>\n\n\n\n<p>Entre os itens que deixaram de ser publicados est\u00e3o: curva de casos novos por data de notifica\u00e7\u00e3o e por semana epidemiol\u00f3gica; casos acumulados por data de notifica\u00e7\u00e3o e por semana epidemiol\u00f3gica; mortes por data de notifica\u00e7\u00e3o e por semana epidemiol\u00f3gica; e \u00f3bitos acumulados por data de notifica\u00e7\u00e3o e por semana epidemiol\u00f3gica.<\/p>\n\n\n\n<p>No dia 7 de junho, o governo anunciou que voltaria a informar seus balan\u00e7os sobre a doen\u00e7a.\u00a0Mas mostrou n\u00fameros conflitantes, divulgados no intervalo de poucas horas.<\/p>\n\n\n\n<p>Apenas no dia 9 de junho, o minist\u00e9rio voltou a divulgar os dados completos,\u00a0obedecendo a ordem do STF.<\/p>\n\n\n\n<p>Nesta ter\u00e7a (30), o\u00a0\u00f3rg\u00e3o divulgou um novo balan\u00e7o. Segundo a pasta, houve 1.280 novos \u00f3bitos e 33.846 novos casos, somando 59.594 mortes e 1.402.041 casos desde o come\u00e7o da pandemia.<\/p>\n\n\n\n<p>Com G1 PB<\/p>\n","protected":false},"excerpt":{"rendered":"<p>O Brasil passou das 60 mil mortes por coronav\u00edrus confirmadas na manh\u00e3 desta quarta-feira (1\u00ba), pouco mais de 4 meses ap\u00f3s a doen\u00e7a chegar ao&hellip; <\/p>\n","protected":false},"author":1,"featured_media":176838,"comment_status":"closed","ping_status":"closed","sticky":false,"template":"","format":"standard","meta":{"sfsi_plus_gutenberg_text_before_share":"","sfsi_plus_gutenberg_show_text_before_share":"","sfsi_plus_gutenberg_icon_type":"","sfsi_plus_gutenberg_icon_alignemt":"","sfsi_plus_gutenburg_max_per_row":"","footnotes":""},"categories":[50],"tags":[],"class_list":["post-176837","post","type-post","status-publish","format-standard","has-post-thumbnail","hentry","category-destaque"],"_links":{"self":[{"href":"https:\/\/www.caririemacao.com\/1\/wp-json\/wp\/v2\/posts\/176837","targetHints":{"allow":["GET"]}}],"collection":[{"href":"https:\/\/www.caririemacao.com\/1\/wp-json\/wp\/v2\/posts"}],"about":[{"href":"https:\/\/www.caririemacao.com\/1\/wp-json\/wp\/v2\/types\/post"}],"author":[{"embeddable":true,"href":"https:\/\/www.caririemacao.com\/1\/wp-json\/wp\/v2\/users\/1"}],"replies":[{"embeddable":true,"href":"https:\/\/www.caririemacao.com\/1\/wp-json\/wp\/v2\/comments?post=176837"}],"version-history":[{"count":1,"href":"https:\/\/www.caririemacao.com\/1\/wp-json\/wp\/v2\/posts\/176837\/revisions"}],"predecessor-version":[{"id":176839,"href":"https:\/\/www.caririemacao.com\/1\/wp-json\/wp\/v2\/posts\/176837\/revisions\/176839"}],"wp:featuredmedia":[{"embeddable":true,"href":"https:\/\/www.caririemacao.com\/1\/wp-json\/wp\/v2\/media\/176838"}],"wp:attachment":[{"href":"https:\/\/www.caririemacao.com\/1\/wp-json\/wp\/v2\/media?parent=176837"}],"wp:term":[{"taxonomy":"category","embeddable":true,"href":"https:\/\/www.caririemacao.com\/1\/wp-json\/wp\/v2\/categories?post=176837"},{"taxonomy":"post_tag","embeddable":true,"href":"https:\/\/www.caririemacao.com\/1\/wp-json\/wp\/v2\/tags?post=176837"}],"curies":[{"name":"wp","href":"https:\/\/api.w.org\/{rel}","templated":true}]}}