{"id":176840,"date":"2020-07-01T17:24:37","date_gmt":"2020-07-01T20:24:37","guid":{"rendered":"https:\/\/www.caririemacao.com\/1\/?p=176840"},"modified":"2020-07-01T17:24:37","modified_gmt":"2020-07-01T20:24:37","slug":"mec-divulga-diretrizes-para-volta-as-aulas-presenciais-mas-nao-estabelece-data-para-o-retorno","status":"publish","type":"post","link":"https:\/\/www.caririemacao.com\/1\/2020\/07\/01\/mec-divulga-diretrizes-para-volta-as-aulas-presenciais-mas-nao-estabelece-data-para-o-retorno\/","title":{"rendered":"MEC divulga diretrizes para volta \u00e0s aulas presenciais, mas n\u00e3o estabelece data para o retorno"},"content":{"rendered":"\n<p>O Minist\u00e9rio da Educa\u00e7\u00e3o (MEC) anunciou nessa quarta-feira (1\u00b0) diretrizes para a volta \u00e0s aulas presenciais. Entre elas, est\u00e3o o uso de m\u00e1scaras, distanciamento social de 1,5 metro, est\u00edmulo a reuni\u00f5es online e afastamento de profissionais que estejam em grupos de risco.<\/p>\n\n\n\n<p>Apesar da divulga\u00e7\u00e3o do documento, ainda n\u00e3o h\u00e1 uma data prevista para a volta \u00e0s aulas presenciais em todo o pa\u00eds, suspensas desde mar\u00e7o.<\/p>\n\n\n\n<p>Segundo o balan\u00e7o do MEC, entre as 69 universidades federais, 54 est\u00e3o com atividades suspensas, 5 com atividades parciais e 10 com atividades remotas. O monitoramento pode ser visto no site&nbsp;<a href=\"http:\/\/portal.mec.gov.br\/coronavirus\/\" target=\"_blank\" rel=\"noreferrer noopener\">http:\/\/portal.mec.gov.br\/coronavirus\/<\/a><\/p>\n\n\n\n<p>O protocolo com medidas de biosseguran\u00e7a trata sobre a comunidade acad\u00eamica, medidas protetivas individuais e coletivas, cen\u00e1rios comuns como salas de aulas, transporte coletivo, e atividades laborais, entre outras.<\/p>\n\n\n\n<p>Ele foi elaborado para orientar as a\u00e7\u00f5es em universidades e institui\u00e7\u00f5es de ensino federais, mas poder\u00e1 ser usado como diretriz para a elabora\u00e7\u00f5es de documentos semelhantes nos estados, segundo o secret\u00e1rio-executivo do MEC, Antonio Paulo Vogel.<\/p>\n\n\n\n<p>A portaria com as diretrizes dever\u00e1 ser publicada amanh\u00e3 no &#8220;Di\u00e1rio Oficial da Uni\u00e3o&#8221;, mas j\u00e1 est\u00e1 dispon\u00edvel no site do MEC (<a href=\"http:\/\/portal.mec.gov.br\/coronavirus\/\" target=\"_blank\" rel=\"noreferrer noopener\">acesse aqui o protocolo<\/a>).<\/p>\n\n\n\n<p>O MEC afirmou que o documento foi elaborado por uma equipe multidisciplinar, que conta com um m\u00e9dico pneumologista.<\/p>\n\n\n\n<h2 class=\"wp-block-heading\">Entre as medidas, est\u00e3o:<\/h2>\n\n\n\n<ul class=\"wp-block-list\"><li>Considerar o trabalho remoto aos servidores e colaboradores do grupo de risco;<\/li><li>Uso de m\u00e1scara obrigat\u00f3rio;<\/li><li>Medi\u00e7\u00e3o de temperatura no acesso \u00e0s \u00e1reas comuns;<\/li><li>Disponibiliza\u00e7\u00e3o de \u00e1lcool em gel;<\/li><li>Volta ao trabalho de forma escalonada;<\/li><li>Manter a ventila\u00e7\u00e3o do ambiente;<\/li><li>Considerar o trabalho remoto aos servidores e colaboradores do grupo de risco;<\/li><li>Priorizar reuni\u00f5es e eventos a dist\u00e2ncia;<\/li><li>Respeitar o distanciamento de pelo menos 1,5 m;<\/li><li>Manter o cabelo preso e evitar usar acess\u00f3rios pessoais, como brincos, an\u00e9is e rel\u00f3gios;<\/li><li>N\u00e3o compartilhar objetos &#8211; incluindo livros e afins;<\/li><li>Elabora\u00e7\u00e3o quinzenal de relat\u00f3rios para monitorar e avaliar o retorno das atividades.<\/li><\/ul>\n\n\n\n<h2 class=\"wp-block-heading\">Acesso gratuito \u00e0 internet<\/h2>\n\n\n\n<p>O MEC tamb\u00e9m anunciou que dar\u00e1\u00a0internet gratuita para alunos de universidades e institutos federais\u00a0em situa\u00e7\u00e3o de vulnerabilidade, para que possam acessar as aulas remotas enquanto durar a pandemia.<\/p>\n\n\n\n<p>A expectativa inicial \u00e9 atender a 400 mil estudantes e, depois, chegar a 1 milh\u00e3o. A iniciativa tem parceria com o Minist\u00e9rio da Ci\u00eancia e Tecnologia (MCTIC). Os custos n\u00e3o foram informados.<\/p>\n\n\n\n<p>Segundo o secret\u00e1rio-executivo do MEC, Antonio Paulo Vogel, 40% destes estudantes est\u00e3o no nordeste.<\/p>\n\n\n\n<p>Vogel afirma que n\u00e3o se trata de internet liberada e gratuita: as universidades e institutos federais dever\u00e3o definir os sites e sistemas nos quais os estudantes ter\u00e3o acesso gratuito.<\/p>\n\n\n\n<p>Segundo o secret\u00e1rio-executivo do MEC, a maioria dos estudantes t\u00eam equipamentos para acessar a internet, mas n\u00e3o tem pacote de dados suficiente para fazer downloads e assistir a v\u00eddeos.<\/p>\n\n\n\n<p>Com G1 PB<\/p>\n","protected":false},"excerpt":{"rendered":"<p>O Minist\u00e9rio da Educa\u00e7\u00e3o (MEC) anunciou nessa quarta-feira (1\u00b0) diretrizes para a volta \u00e0s aulas presenciais. Entre elas, est\u00e3o o uso de m\u00e1scaras, distanciamento social&hellip; <\/p>\n","protected":false},"author":1,"featured_media":176841,"comment_status":"closed","ping_status":"closed","sticky":false,"template":"","format":"standard","meta":{"sfsi_plus_gutenberg_text_before_share":"","sfsi_plus_gutenberg_show_text_before_share":"","sfsi_plus_gutenberg_icon_type":"","sfsi_plus_gutenberg_icon_alignemt":"","sfsi_plus_gutenburg_max_per_row":"","footnotes":""},"categories":[14],"tags":[],"class_list":["post-176840","post","type-post","status-publish","format-standard","has-post-thumbnail","hentry","category-educacao"],"_links":{"self":[{"href":"https:\/\/www.caririemacao.com\/1\/wp-json\/wp\/v2\/posts\/176840","targetHints":{"allow":["GET"]}}],"collection":[{"href":"https:\/\/www.caririemacao.com\/1\/wp-json\/wp\/v2\/posts"}],"about":[{"href":"https:\/\/www.caririemacao.com\/1\/wp-json\/wp\/v2\/types\/post"}],"author":[{"embeddable":true,"href":"https:\/\/www.caririemacao.com\/1\/wp-json\/wp\/v2\/users\/1"}],"replies":[{"embeddable":true,"href":"https:\/\/www.caririemacao.com\/1\/wp-json\/wp\/v2\/comments?post=176840"}],"version-history":[{"count":1,"href":"https:\/\/www.caririemacao.com\/1\/wp-json\/wp\/v2\/posts\/176840\/revisions"}],"predecessor-version":[{"id":176843,"href":"https:\/\/www.caririemacao.com\/1\/wp-json\/wp\/v2\/posts\/176840\/revisions\/176843"}],"wp:featuredmedia":[{"embeddable":true,"href":"https:\/\/www.caririemacao.com\/1\/wp-json\/wp\/v2\/media\/176841"}],"wp:attachment":[{"href":"https:\/\/www.caririemacao.com\/1\/wp-json\/wp\/v2\/media?parent=176840"}],"wp:term":[{"taxonomy":"category","embeddable":true,"href":"https:\/\/www.caririemacao.com\/1\/wp-json\/wp\/v2\/categories?post=176840"},{"taxonomy":"post_tag","embeddable":true,"href":"https:\/\/www.caririemacao.com\/1\/wp-json\/wp\/v2\/tags?post=176840"}],"curies":[{"name":"wp","href":"https:\/\/api.w.org\/{rel}","templated":true}]}}