{"id":176846,"date":"2020-07-02T00:49:56","date_gmt":"2020-07-02T03:49:56","guid":{"rendered":"https:\/\/www.caririemacao.com\/1\/?p=176846"},"modified":"2020-07-02T00:51:58","modified_gmt":"2020-07-02T03:51:58","slug":"governador-da-paraiba-na-contra-mao-da-politica","status":"publish","type":"post","link":"https:\/\/www.caririemacao.com\/1\/2020\/07\/02\/governador-da-paraiba-na-contra-mao-da-politica\/","title":{"rendered":"Governador da Para\u00edba na contra m\u00e3o da pol\u00edtica"},"content":{"rendered":"\n<p>Com a chegada das elei\u00e7\u00f5es municipais e para atender o prazo para desincompatibiliza\u00e7\u00e3o daqueles que pretendem ser candidatos ou candidatas na proporcional ou majorit\u00e1ria, v\u00e1rios cargos comissionados a n\u00edvel estadual est\u00e3o sendo desocupados e outros preenchidos por meio de atos governamentais do governador Jo\u00e3o Azevedo que parece estar meio perdido ao que se refere \u00e0s decis\u00f5es pol\u00edticas.<\/p>\n\n\n\n<figure class=\"wp-block-image size-large\"><img fetchpriority=\"high\" decoding=\"async\" width=\"718\" height=\"231\" src=\"https:\/\/www.caririemacao.com\/1\/wp-content\/uploads\/2020\/07\/WhatsApp-Image-2020-07-01-at-20.16.48.jpeg\" alt=\"\" class=\"wp-image-176848\" srcset=\"https:\/\/www.caririemacao.com\/1\/wp-content\/uploads\/2020\/07\/WhatsApp-Image-2020-07-01-at-20.16.48.jpeg 718w, https:\/\/www.caririemacao.com\/1\/wp-content\/uploads\/2020\/07\/WhatsApp-Image-2020-07-01-at-20.16.48-300x97.jpeg 300w\" sizes=\"(max-width: 718px) 100vw, 718px\" \/><\/figure>\n\n\n\n<p>O que chama aten\u00e7\u00e3o \u00e9 que algumas indica\u00e7\u00f5es e que est\u00e3o sendo nomeadas s\u00e3o nomes que estiveram em lados opostos ao governador Jo\u00e3o Azevedo, basta observar no di\u00e1rio oficial do estado do dia 29 de junho a nomea\u00e7\u00e3o do novo diretor da Escola Integral Juarez Maracaj\u00e1 no munic\u00edpio de Gurj\u00e3o.<\/p>\n\n\n\n<figure class=\"wp-block-image size-large\"><img decoding=\"async\" width=\"600\" height=\"403\" data-src=\"https:\/\/www.caririemacao.com\/1\/wp-content\/uploads\/2020\/07\/page.jpg\" alt=\"\" class=\"wp-image-176849 lazyload\" data-srcset=\"https:\/\/www.caririemacao.com\/1\/wp-content\/uploads\/2020\/07\/page.jpg 600w, https:\/\/www.caririemacao.com\/1\/wp-content\/uploads\/2020\/07\/page-300x202.jpg 300w\" data-sizes=\"(max-width: 600px) 100vw, 600px\" src=\"data:image\/svg+xml;base64,PHN2ZyB3aWR0aD0iMSIgaGVpZ2h0PSIxIiB4bWxucz0iaHR0cDovL3d3dy53My5vcmcvMjAwMC9zdmciPjwvc3ZnPg==\" style=\"--smush-placeholder-width: 600px; --smush-placeholder-aspect-ratio: 600\/403;\" \/><\/figure>\n\n\n\n<p>O que ningu\u00e9m entendeu em Gurj\u00e3o foi a nomea\u00e7\u00e3o do senhor Jos\u00e9 Fl\u00e1vio Ramos de Queiroz que votou no ent\u00e3o candidato a governador Jos\u00e9 Maranh\u00e3o para governador, para deputado Federal votou em Welington Roberto e para Deputado estadual Caio Roberto.<\/p>\n\n\n\n<figure class=\"wp-block-image size-large\"><img decoding=\"async\" width=\"1024\" height=\"768\" data-src=\"https:\/\/www.caririemacao.com\/1\/wp-content\/uploads\/2020\/07\/42829130_2201829289887900_3585546038523461632_o-1-1024x768.jpg\" alt=\"\" class=\"wp-image-176851 lazyload\" data-srcset=\"https:\/\/www.caririemacao.com\/1\/wp-content\/uploads\/2020\/07\/42829130_2201829289887900_3585546038523461632_o-1-1024x768.jpg 1024w, https:\/\/www.caririemacao.com\/1\/wp-content\/uploads\/2020\/07\/42829130_2201829289887900_3585546038523461632_o-1-300x225.jpg 300w, https:\/\/www.caririemacao.com\/1\/wp-content\/uploads\/2020\/07\/42829130_2201829289887900_3585546038523461632_o-1-768x576.jpg 768w, https:\/\/www.caririemacao.com\/1\/wp-content\/uploads\/2020\/07\/42829130_2201829289887900_3585546038523461632_o-1.jpg 1440w\" data-sizes=\"(max-width: 1024px) 100vw, 1024px\" src=\"data:image\/svg+xml;base64,PHN2ZyB3aWR0aD0iMSIgaGVpZ2h0PSIxIiB4bWxucz0iaHR0cDovL3d3dy53My5vcmcvMjAwMC9zdmciPjwvc3ZnPg==\" style=\"--smush-placeholder-width: 1024px; --smush-placeholder-aspect-ratio: 1024\/768;\" \/><\/figure>\n\n\n\n<p>O que o governador fez foi colocar a dire\u00e7\u00e3o da escola nas m\u00e3os de um advers\u00e1rio, criando uma grande revolta por parte dos aliados de primeira hora que sempre acompanharam o projeto do governador.<\/p>\n\n\n\n<figure class=\"wp-block-image size-large\"><img decoding=\"async\" width=\"984\" height=\"554\" data-src=\"https:\/\/www.caririemacao.com\/1\/wp-content\/uploads\/2020\/07\/joao.jpg\" alt=\"\" class=\"wp-image-176852 lazyload\" data-srcset=\"https:\/\/www.caririemacao.com\/1\/wp-content\/uploads\/2020\/07\/joao.jpg 984w, https:\/\/www.caririemacao.com\/1\/wp-content\/uploads\/2020\/07\/joao-300x169.jpg 300w, https:\/\/www.caririemacao.com\/1\/wp-content\/uploads\/2020\/07\/joao-768x432.jpg 768w\" data-sizes=\"(max-width: 984px) 100vw, 984px\" src=\"data:image\/svg+xml;base64,PHN2ZyB3aWR0aD0iMSIgaGVpZ2h0PSIxIiB4bWxucz0iaHR0cDovL3d3dy53My5vcmcvMjAwMC9zdmciPjwvc3ZnPg==\" style=\"--smush-placeholder-width: 984px; --smush-placeholder-aspect-ratio: 984\/554;\" \/><\/figure>\n\n\n\n<p>Com esta nomea\u00e7\u00e3o, acredita-se que a equipe da articula\u00e7\u00e3o pol\u00edtica do governador Jo\u00e3o Azevedo n\u00e3o estar em conson\u00e2ncia com seus aliados no interior do estado.<\/p>\n","protected":false},"excerpt":{"rendered":"<p>Com a chegada das elei\u00e7\u00f5es municipais e para atender o prazo para desincompatibiliza\u00e7\u00e3o daqueles que pretendem ser candidatos ou candidatas na proporcional ou majorit\u00e1ria, v\u00e1rios&hellip; <\/p>\n","protected":false},"author":1,"featured_media":176850,"comment_status":"closed","ping_status":"closed","sticky":false,"template":"","format":"standard","meta":{"sfsi_plus_gutenberg_text_before_share":"","sfsi_plus_gutenberg_show_text_before_share":"","sfsi_plus_gutenberg_icon_type":"","sfsi_plus_gutenberg_icon_alignemt":"","sfsi_plus_gutenburg_max_per_row":"","footnotes":""},"categories":[50,77,11],"tags":[],"class_list":["post-176846","post","type-post","status-publish","format-standard","has-post-thumbnail","hentry","category-destaque","category-gurjao","category-politica"],"_links":{"self":[{"href":"https:\/\/www.caririemacao.com\/1\/wp-json\/wp\/v2\/posts\/176846","targetHints":{"allow":["GET"]}}],"collection":[{"href":"https:\/\/www.caririemacao.com\/1\/wp-json\/wp\/v2\/posts"}],"about":[{"href":"https:\/\/www.caririemacao.com\/1\/wp-json\/wp\/v2\/types\/post"}],"author":[{"embeddable":true,"href":"https:\/\/www.caririemacao.com\/1\/wp-json\/wp\/v2\/users\/1"}],"replies":[{"embeddable":true,"href":"https:\/\/www.caririemacao.com\/1\/wp-json\/wp\/v2\/comments?post=176846"}],"version-history":[{"count":3,"href":"https:\/\/www.caririemacao.com\/1\/wp-json\/wp\/v2\/posts\/176846\/revisions"}],"predecessor-version":[{"id":176854,"href":"https:\/\/www.caririemacao.com\/1\/wp-json\/wp\/v2\/posts\/176846\/revisions\/176854"}],"wp:featuredmedia":[{"embeddable":true,"href":"https:\/\/www.caririemacao.com\/1\/wp-json\/wp\/v2\/media\/176850"}],"wp:attachment":[{"href":"https:\/\/www.caririemacao.com\/1\/wp-json\/wp\/v2\/media?parent=176846"}],"wp:term":[{"taxonomy":"category","embeddable":true,"href":"https:\/\/www.caririemacao.com\/1\/wp-json\/wp\/v2\/categories?post=176846"},{"taxonomy":"post_tag","embeddable":true,"href":"https:\/\/www.caririemacao.com\/1\/wp-json\/wp\/v2\/tags?post=176846"}],"curies":[{"name":"wp","href":"https:\/\/api.w.org\/{rel}","templated":true}]}}