{"id":176860,"date":"2020-07-02T06:25:28","date_gmt":"2020-07-02T09:25:28","guid":{"rendered":"https:\/\/www.caririemacao.com\/1\/?p=176860"},"modified":"2020-07-02T06:25:28","modified_gmt":"2020-07-02T09:25:28","slug":"carlos-bolsonaro-perde-foro-privilegiado-em-investigacao-da-rachadinha","status":"publish","type":"post","link":"https:\/\/www.caririemacao.com\/1\/2020\/07\/02\/carlos-bolsonaro-perde-foro-privilegiado-em-investigacao-da-rachadinha\/","title":{"rendered":"Carlos Bolsonaro perde foro privilegiado em investiga\u00e7\u00e3o da \u201crachadinha\u201d"},"content":{"rendered":"\n<h3 class=\"wp-block-heading\"><\/h3>\n\n\n\n<hr class=\"wp-block-separator\"\/>\n\n\n\n<p>O vereador<a href=\"https:\/\/wscom.com.br\/julian-lemos-solta-o-verbo-em-post-de-carlos-bolsonaro-no-twitter-se-vitimiza-como-uma-menina-chorona\/\" target=\"_blank\" rel=\"noreferrer noopener\">&nbsp;Carlos Bolsonaro<\/a>&nbsp;(Republicanos-RJ) perdeu o direito ao foro especial no \u00e2mbito de uma investiga\u00e7\u00e3o que apura o emprego de funcion\u00e1rios fantasmas em seu gabinete. Segundo reportagem do blog da jornalista Bela Megale, o Minist\u00e9rio P\u00fablico do Rio de Janeiro reconheceu o decl\u00ednio de compet\u00eancia e atribui\u00e7\u00e3o de 21 a\u00e7\u00f5es penais, al\u00e9m de investiga\u00e7\u00f5es envolvendo vereadores do Rio que tramitem na primeira inst\u00e2ncia.<\/p>\n\n\n\n<p>A perman\u00eancia na primeira inst\u00e2ncia \u00e9 fruto do entendimento da 1a Turma do Supremo Tribunal Federal (STF) sobre a suspen\u00e7\u00e3o de um artigo da Constitui\u00e7\u00e3o Fluminense que previa que vereadores tamb\u00e9m possu\u00edam a prerrogativa de serem julgados por desembargadores.<\/p>\n\n\n\n<p>Ainda segundo a reportagem, as investiga\u00e7\u00f5es acerca da suspeita de contrata\u00e7\u00f5es irregulares pelo gabinete do parlamentar est\u00e3o sob responsabilidade do Grupo de Atribui\u00e7\u00e3o Origin\u00e1ria Criminal (Gaocrim).<\/p>\n","protected":false},"excerpt":{"rendered":"<p>O vereador&nbsp;Carlos Bolsonaro&nbsp;(Republicanos-RJ) perdeu o direito ao foro especial no \u00e2mbito de uma investiga\u00e7\u00e3o que apura o emprego de funcion\u00e1rios fantasmas em seu gabinete. Segundo&hellip; <\/p>\n","protected":false},"author":2,"featured_media":176861,"comment_status":"closed","ping_status":"closed","sticky":false,"template":"","format":"standard","meta":{"sfsi_plus_gutenberg_text_before_share":"","sfsi_plus_gutenberg_show_text_before_share":"","sfsi_plus_gutenberg_icon_type":"","sfsi_plus_gutenberg_icon_alignemt":"","sfsi_plus_gutenburg_max_per_row":"","footnotes":""},"categories":[2],"tags":[],"class_list":["post-176860","post","type-post","status-publish","format-standard","has-post-thumbnail","hentry","category-geral"],"_links":{"self":[{"href":"https:\/\/www.caririemacao.com\/1\/wp-json\/wp\/v2\/posts\/176860","targetHints":{"allow":["GET"]}}],"collection":[{"href":"https:\/\/www.caririemacao.com\/1\/wp-json\/wp\/v2\/posts"}],"about":[{"href":"https:\/\/www.caririemacao.com\/1\/wp-json\/wp\/v2\/types\/post"}],"author":[{"embeddable":true,"href":"https:\/\/www.caririemacao.com\/1\/wp-json\/wp\/v2\/users\/2"}],"replies":[{"embeddable":true,"href":"https:\/\/www.caririemacao.com\/1\/wp-json\/wp\/v2\/comments?post=176860"}],"version-history":[{"count":1,"href":"https:\/\/www.caririemacao.com\/1\/wp-json\/wp\/v2\/posts\/176860\/revisions"}],"predecessor-version":[{"id":176862,"href":"https:\/\/www.caririemacao.com\/1\/wp-json\/wp\/v2\/posts\/176860\/revisions\/176862"}],"wp:featuredmedia":[{"embeddable":true,"href":"https:\/\/www.caririemacao.com\/1\/wp-json\/wp\/v2\/media\/176861"}],"wp:attachment":[{"href":"https:\/\/www.caririemacao.com\/1\/wp-json\/wp\/v2\/media?parent=176860"}],"wp:term":[{"taxonomy":"category","embeddable":true,"href":"https:\/\/www.caririemacao.com\/1\/wp-json\/wp\/v2\/categories?post=176860"},{"taxonomy":"post_tag","embeddable":true,"href":"https:\/\/www.caririemacao.com\/1\/wp-json\/wp\/v2\/tags?post=176860"}],"curies":[{"name":"wp","href":"https:\/\/api.w.org\/{rel}","templated":true}]}}