{"id":176864,"date":"2020-07-02T06:29:43","date_gmt":"2020-07-02T09:29:43","guid":{"rendered":"https:\/\/www.caririemacao.com\/1\/?p=176864"},"modified":"2020-07-02T06:29:43","modified_gmt":"2020-07-02T09:29:43","slug":"oms-relaxar-medidas-cedo-pode-causar-nova-onda-de-covid-19","status":"publish","type":"post","link":"https:\/\/www.caririemacao.com\/1\/2020\/07\/02\/oms-relaxar-medidas-cedo-pode-causar-nova-onda-de-covid-19\/","title":{"rendered":"OMS: relaxar medidas cedo pode causar nova onda de covid-19"},"content":{"rendered":"\n<h3 class=\"wp-block-heading\"><\/h3>\n\n\n\n<hr class=\"wp-block-separator\"\/>\n\n\n\n<p>Pa\u00edses, estados e munic\u00edpios que relaxam cedo demais as medidas de restri\u00e7\u00e3o impostas para conter o novo coronav\u00edrus podem ser inundados com novos casos de covid-19, alertou a diretora regional da Organiza\u00e7\u00e3o Mundial da Sa\u00fade (OMS) para as Am\u00e9ricas, Carissa Etienne, nessa&nbsp;ter\u00e7a-feira (30), em entrevista coletiva por videoconfer\u00eancia.<img decoding=\"async\" data-src=\"https:\/\/agenciabrasil.ebc.com.br\/ebc.png?id=1310624&amp;o=node\" src=\"data:image\/svg+xml;base64,PHN2ZyB3aWR0aD0iMSIgaGVpZ2h0PSIxIiB4bWxucz0iaHR0cDovL3d3dy53My5vcmcvMjAwMC9zdmciPjwvc3ZnPg==\" class=\"lazyload\"><\/p>\n\n\n\n<p>Nos Estados Unidos (EUA), os estados de Washington e Nova York est\u00e3o vendo n\u00fameros muito baixos de novos casos e mortes, mas 27 estados est\u00e3o registrando crescimento exponencial, disse Etienne, que tamb\u00e9m \u00e9 diretora-geral da Organiza\u00e7\u00e3o Pan-Americana de Sa\u00fade (Opas).<\/p>\n\n\n\n<p>A regi\u00e3o das Am\u00e9ricas registrou 5,1 milh\u00f5es de casos e mais de 247 mil mortes devido \u00e0 covid-19 at\u00e9&nbsp;29 de junho, acrescentou.<\/p>\n\n\n\n<h2 class=\"wp-block-heading\">Alerta<\/h2>\n\n\n\n<p>O n\u00famero de mortes em decorr\u00eancia da covid-19 na Am\u00e9rica Latina pode chegar a 438 mil at\u00e9 outubro se as medidas preventivas n\u00e3o forem cumpridas pelos pa\u00edses da regi\u00e3o, alertou a diretora.<\/p>\n\n\n\n<p>No momento, as mortes pela doen\u00e7a respirat\u00f3ria provocada pelo novo coronav\u00edrus na regi\u00e3o est\u00e3o em quase&nbsp;114 mil, cerca de um quinto do n\u00famero global de \u00f3bitos, de acordo com mapeamento da Reuters.<\/p>\n\n\n\n<p>As Am\u00e9ricas s\u00e3o o epicentro mundial da pandemia de coronav\u00edrus atualmente, e a cifra da regi\u00e3o como um todo pode quase triplicar e atingir 637 mil at\u00e9 o dia 1\u00ba de outubro, disse Carissa, ponderando, no entanto, que proje\u00e7\u00f5es de modelos matem\u00e1ticos n\u00e3o devem ser entendidas literalmente, mas somente como diretrizes de planejamento.<\/p>\n\n\n\n<p>De acordo com as condi\u00e7\u00f5es atuais, acredita-se que a pandemia atingir\u00e1 o pico no Chile e na Col\u00f4mbia em meados&nbsp;de julho, mas na Argentina, no Brasil, na Bol\u00edvia e no Peru s\u00f3 em agosto, e a Costa Rica s\u00f3 achatar\u00e1 sua curva de infec\u00e7\u00f5es em outubro.<\/p>\n\n\n\n<p>\u201cA complac\u00eancia \u00e9 nossa inimiga na luta contra a covid-19\u201d, disse ela, acrescentando: \u201cA batalha \u00e9 dura, mas est\u00e1 longe de estar perdida\u201d.<\/p>\n","protected":false},"excerpt":{"rendered":"<p>Pa\u00edses, estados e munic\u00edpios que relaxam cedo demais as medidas de restri\u00e7\u00e3o impostas para conter o novo coronav\u00edrus podem ser inundados com novos casos de&hellip; <\/p>\n","protected":false},"author":2,"featured_media":176865,"comment_status":"closed","ping_status":"closed","sticky":false,"template":"","format":"standard","meta":{"sfsi_plus_gutenberg_text_before_share":"","sfsi_plus_gutenberg_show_text_before_share":"","sfsi_plus_gutenberg_icon_type":"","sfsi_plus_gutenberg_icon_alignemt":"","sfsi_plus_gutenburg_max_per_row":"","footnotes":""},"categories":[2],"tags":[],"class_list":["post-176864","post","type-post","status-publish","format-standard","has-post-thumbnail","hentry","category-geral"],"_links":{"self":[{"href":"https:\/\/www.caririemacao.com\/1\/wp-json\/wp\/v2\/posts\/176864","targetHints":{"allow":["GET"]}}],"collection":[{"href":"https:\/\/www.caririemacao.com\/1\/wp-json\/wp\/v2\/posts"}],"about":[{"href":"https:\/\/www.caririemacao.com\/1\/wp-json\/wp\/v2\/types\/post"}],"author":[{"embeddable":true,"href":"https:\/\/www.caririemacao.com\/1\/wp-json\/wp\/v2\/users\/2"}],"replies":[{"embeddable":true,"href":"https:\/\/www.caririemacao.com\/1\/wp-json\/wp\/v2\/comments?post=176864"}],"version-history":[{"count":1,"href":"https:\/\/www.caririemacao.com\/1\/wp-json\/wp\/v2\/posts\/176864\/revisions"}],"predecessor-version":[{"id":176866,"href":"https:\/\/www.caririemacao.com\/1\/wp-json\/wp\/v2\/posts\/176864\/revisions\/176866"}],"wp:featuredmedia":[{"embeddable":true,"href":"https:\/\/www.caririemacao.com\/1\/wp-json\/wp\/v2\/media\/176865"}],"wp:attachment":[{"href":"https:\/\/www.caririemacao.com\/1\/wp-json\/wp\/v2\/media?parent=176864"}],"wp:term":[{"taxonomy":"category","embeddable":true,"href":"https:\/\/www.caririemacao.com\/1\/wp-json\/wp\/v2\/categories?post=176864"},{"taxonomy":"post_tag","embeddable":true,"href":"https:\/\/www.caririemacao.com\/1\/wp-json\/wp\/v2\/tags?post=176864"}],"curies":[{"name":"wp","href":"https:\/\/api.w.org\/{rel}","templated":true}]}}