{"id":176868,"date":"2020-07-02T06:32:20","date_gmt":"2020-07-02T09:32:20","guid":{"rendered":"https:\/\/www.caririemacao.com\/1\/?p=176868"},"modified":"2020-07-02T06:32:20","modified_gmt":"2020-07-02T09:32:20","slug":"psiquiatra-afirma-que-pandemia-esta-gerando-ansiedade-e-depressao-na-populacao","status":"publish","type":"post","link":"https:\/\/www.caririemacao.com\/1\/2020\/07\/02\/psiquiatra-afirma-que-pandemia-esta-gerando-ansiedade-e-depressao-na-populacao\/","title":{"rendered":"Psiquiatra afirma que pandemia est\u00e1 gerando ansiedade e depress\u00e3o na popula\u00e7\u00e3o"},"content":{"rendered":"\n<h1 class=\"wp-block-heading\"><\/h1>\n\n\n\n<p>O psiquiatra Fred Marinheiro afirmou que a ansiedade sempre esteve presente na vida das pessoas de maneira normal, como antes do nascimento de um filho, antes de uma entrevista de emprego ou antes de um resultado de concurso.<\/p>\n\n\n\n<p>Ele explicou que, quando a ansiedade passa a gerar uma inquieta\u00e7\u00e3o e ang\u00fastia muito forte, \u00e9 preciso ficar atento e procurar ajuda de um profissional da sa\u00fade, como psic\u00f3logos e psiquiatras.<\/p>\n\n\n\n<p>Segundo Fred, a pandemia do novo Coronav\u00edrus trouxe perdas financeiras e emocionais para muitas pessoas e isso tem gerado uma grande tristeza. Ele destacou que o n\u00edvel de preocupa\u00e7\u00e3o elevado pode desencadear problemas na sa\u00fade mental, como depress\u00e3o e ansiedade.<\/p>\n\n\n\n<p>\u2013 A pandemia pegou todos de surpresa e essa ansiedade aumentou muito. Temos o aumento da preocupa\u00e7\u00e3o, do medo do desconhecido, a mudan\u00e7a do dia a dia. N\u00e3o sabemos quando as pessoas que perderam os emprego retornam ao mercado de trabalho para levar alimento para casa e at\u00e9 que ponto a doen\u00e7a vai se estender, ent\u00e3o tudo isso causa uma ansiedade grande na popula\u00e7\u00e3o, especialmente nas pessoas mais sens\u00edveis \u2013 colocou.<\/p>\n\n\n\n<p>Fred comentou que muitas pessoas ainda t\u00eam uma vis\u00e3o errada do psiquiatra, de que \u00e9 um profissional que s\u00f3 trata problemas mentais muito graves. Ele disse que hoje em dia n\u00e3o existe mais essa realidade e os rem\u00e9dios n\u00e3o s\u00e3o t\u00e3o fortes, assim como os tratamentos s\u00e3o muito seguros, auxiliando a pessoa a enfrentar esse momento com mais tranquilidade.<\/p>\n\n\n\n<p>O psiquiatra frisou ainda, durante entrevista \u00e0 R\u00e1dio Caturit\u00e9 FM, que \u00e9 necess\u00e1rio estar atentos ao comportamento dos idosos, que podem desenvolver depress\u00e3o com muita facilidade, pois observam e absorvem os problemas.<\/p>\n","protected":false},"excerpt":{"rendered":"<p>O psiquiatra Fred Marinheiro afirmou que a ansiedade sempre esteve presente na vida das pessoas de maneira normal, como antes do nascimento de um filho,&hellip; <\/p>\n","protected":false},"author":2,"featured_media":176869,"comment_status":"closed","ping_status":"closed","sticky":false,"template":"","format":"standard","meta":{"sfsi_plus_gutenberg_text_before_share":"","sfsi_plus_gutenberg_show_text_before_share":"","sfsi_plus_gutenberg_icon_type":"","sfsi_plus_gutenberg_icon_alignemt":"","sfsi_plus_gutenburg_max_per_row":"","footnotes":""},"categories":[2],"tags":[],"class_list":["post-176868","post","type-post","status-publish","format-standard","has-post-thumbnail","hentry","category-geral"],"_links":{"self":[{"href":"https:\/\/www.caririemacao.com\/1\/wp-json\/wp\/v2\/posts\/176868","targetHints":{"allow":["GET"]}}],"collection":[{"href":"https:\/\/www.caririemacao.com\/1\/wp-json\/wp\/v2\/posts"}],"about":[{"href":"https:\/\/www.caririemacao.com\/1\/wp-json\/wp\/v2\/types\/post"}],"author":[{"embeddable":true,"href":"https:\/\/www.caririemacao.com\/1\/wp-json\/wp\/v2\/users\/2"}],"replies":[{"embeddable":true,"href":"https:\/\/www.caririemacao.com\/1\/wp-json\/wp\/v2\/comments?post=176868"}],"version-history":[{"count":1,"href":"https:\/\/www.caririemacao.com\/1\/wp-json\/wp\/v2\/posts\/176868\/revisions"}],"predecessor-version":[{"id":176870,"href":"https:\/\/www.caririemacao.com\/1\/wp-json\/wp\/v2\/posts\/176868\/revisions\/176870"}],"wp:featuredmedia":[{"embeddable":true,"href":"https:\/\/www.caririemacao.com\/1\/wp-json\/wp\/v2\/media\/176869"}],"wp:attachment":[{"href":"https:\/\/www.caririemacao.com\/1\/wp-json\/wp\/v2\/media?parent=176868"}],"wp:term":[{"taxonomy":"category","embeddable":true,"href":"https:\/\/www.caririemacao.com\/1\/wp-json\/wp\/v2\/categories?post=176868"},{"taxonomy":"post_tag","embeddable":true,"href":"https:\/\/www.caririemacao.com\/1\/wp-json\/wp\/v2\/tags?post=176868"}],"curies":[{"name":"wp","href":"https:\/\/api.w.org\/{rel}","templated":true}]}}