{"id":176876,"date":"2020-07-02T06:38:12","date_gmt":"2020-07-02T09:38:12","guid":{"rendered":"https:\/\/www.caririemacao.com\/1\/?p=176876"},"modified":"2020-07-02T06:38:12","modified_gmt":"2020-07-02T09:38:12","slug":"aprovada-proposta-que-adia-eleicoes-municipais-de-2020","status":"publish","type":"post","link":"https:\/\/www.caririemacao.com\/1\/2020\/07\/02\/aprovada-proposta-que-adia-eleicoes-municipais-de-2020\/","title":{"rendered":"Aprovada proposta que adia elei\u00e7\u00f5es municipais de 2020"},"content":{"rendered":"\n<h1 class=\"wp-block-heading\"><\/h1>\n\n\n\n<p>O texto-base foi aprovado por 402 votos a favor, recebeu 90 contr\u00e1rios e teve quatro absten\u00e7\u00f5es. Para passar, precisava do voto favor\u00e1vel de tr\u00eas quintos dos 513 deputados (308 votos).<\/p>\n\n\n\n<p>Agora, os deputados votam propostas de mudan\u00e7as \u00e0 PEC. Depois, o texto \u00e9 votado em segundo turno, quando tamb\u00e9m precisa do aval de tr\u00eas quintos dos deputados. Se houver mudan\u00e7as, volta ao Senado. Caso contr\u00e1rio, a PEC \u00e9 promulgada em sess\u00e3o do Congresso.<\/p>\n\n\n\n<p>Somente dois partidos, PL e PSC, orientaram suas bancadas contra o adiamento das elei\u00e7\u00f5es. PROS, Patriota e governo liberaram seus deputados.<\/p>\n\n\n\n<p>A PEC adia o primeiro turno das elei\u00e7\u00f5es municipais de 4 de outubro para 15 de novembro.<\/p>\n\n\n\n<p>O segundo turno, onde houver, passaria de 25 de outubro para 29 de novembro.<\/p>\n\n\n\n<p>O relator da PEC na C\u00e2mara, deputado Jhonatan de Jesus (PR), l\u00edder do Republicanos, n\u00e3o fez altera\u00e7\u00f5es ao texto do Senado.<\/p>\n\n\n\n<p>Pela proposta aprovada, as emissoras ficam proibidas de transmitir programa apresentado ou comentado por pr\u00e9-candidato a partir de 11 de agosto \u2013antes, o prazo come\u00e7ava a contar a partir de 30 de junho.<\/p>\n\n\n\n<p>A PEC tamb\u00e9m altera datas das realiza\u00e7\u00e3o de conven\u00e7\u00f5es partid\u00e1rias para escolha dos candidatos e delibera\u00e7\u00f5es sobre coliga\u00e7\u00f5es, o in\u00edcio da propaganda eleitoral e a presta\u00e7\u00e3o de contas de campanha dos candidatos.<\/p>\n\n\n\n<p>O texto tamb\u00e9m mexe no prazo para desincompatibiliza\u00e7\u00e3o ainda em vigor. Pelo calend\u00e1rio do TSE (Tribunal Superior Eleitoral), o prazo m\u00e1ximo para afastamento de alguns cargos \u00e9 de tr\u00eas meses antes da elei\u00e7\u00e3o \u2013ou seja, 4 de julho.<\/p>\n\n\n\n<p>Segundo a PEC, prazos que ainda n\u00e3o venceram at\u00e9 a publica\u00e7\u00e3o da emenda constitucional v\u00e3o considerar a nova data das elei\u00e7\u00f5es. J\u00e1 os que passaram n\u00e3o ser\u00e3o reabertos.<\/p>\n\n\n\n<p>O texto permite a realiza\u00e7\u00e3o, no segundo semestre do ano, de publicidade institucional de atos e campanhas dos \u00f3rg\u00e3os p\u00fablicos municipais e de suas respectivas entidades da administra\u00e7\u00e3o indireta destinados ao enfrentamento da pandemia e \u00e0 orienta\u00e7\u00e3o da popula\u00e7\u00e3o sobre os servi\u00e7os p\u00fablicos. Mas indica que condutas abusivas ser\u00e3o apuradas.<\/p>\n\n\n\n<p>Al\u00e9m disso, se n\u00e3o houver condi\u00e7\u00f5es sanit\u00e1rias em um munic\u00edpio ou estado para a realiza\u00e7\u00e3o das elei\u00e7\u00f5es nas datas estabelecidas pela PEC, o TSE poder\u00e1 designar novas datas, com data-limite em 27 de dezembro.<\/p>\n\n\n\n<p>O TSE tamb\u00e9m ter\u00e1 que adequar as resolu\u00e7\u00f5es que disciplinam o processo eleitoral para atender \u00e0 PEC e poder\u00e1 ajustar normas referentes a prazos para fiscaliza\u00e7\u00e3o e acompanhamento dos programas de computador utilizados nas urnas eletr\u00f4nicas para os processos de vota\u00e7\u00e3o e tamb\u00e9m a recep\u00e7\u00e3o de votos, justificativas, auditoria e fiscaliza\u00e7\u00e3o no dia da elei\u00e7\u00e3o.<\/p>\n\n\n\n<p>Isso incluiria o hor\u00e1rio de funcionamento das se\u00e7\u00f5es eleitorais e a distribui\u00e7\u00e3o dos eleitores no per\u00edodo, para melhorar a seguran\u00e7a sanit\u00e1ria.<\/p>\n\n\n\n<p>Segundo o deputado Alessandro Molon, l\u00edder do PSB na C\u00e2mara, \u00e9 preciso garantir que os brasileiros possam votar sem medo de serem contaminados pela doen\u00e7a.<\/p>\n\n\n\n<p>\u201cQueremos garantir o direito democr\u00e1tico do maior n\u00famero de brasileiros irem votar nessas elei\u00e7\u00f5es. N\u00e3o adiar significa excluir milh\u00f5es de brasileiros que teriam medo de ir votar por fazerem parte de algum grupo de risco ou pela pr\u00f3pria preocupa\u00e7\u00e3o de contrair a doen\u00e7a.\u201d<\/p>\n\n\n\n<p>A vota\u00e7\u00e3o ocorreu ap\u00f3s o presidente da C\u00e2mara, Rodrigo Maia (DEM-RJ), conseguir negociar um acordo para romper a resist\u00eancia de partidos do centr\u00e3o ao adiamento da elei\u00e7\u00e3o.<\/p>\n\n\n\n<p>O centr\u00e3o \u00e9 formado por partidos como PP, PL e Republicanos que, juntos, representam a maioria da C\u00e2mara e t\u00eam oferecido apoio ao governo de Jair Bolsonaro em troca de cargos.<\/p>\n\n\n\n<p>O grupo passou a ser contra o adiamento da elei\u00e7\u00e3o municipal ap\u00f3s Maia e o presidente do TSE (Tribunal Superior Eleitoral), ministro Lu\u00eds Roberto Barroso, exclu\u00edrem a possibilidade de prorroga\u00e7\u00e3o de mandatos.<\/p>\n\n\n\n<p>Caciques dessas siglas t\u00eam o controle de boa parte das prefeituras e, com os atuais prefeitos, avaliavam que uma campanha eleitoral mais curta elevaria a chance de reelei\u00e7\u00e3o.<\/p>\n\n\n\n<p>Para essas siglas, Maia costurou acordo que envolve a prorroga\u00e7\u00e3o da MP 938, que transfere recursos da Uni\u00e3o a estados e munic\u00edpios.<\/p>\n\n\n\n<p>A medida provis\u00f3ria garantiu que, de mar\u00e7o a junho, prefeituras e governos estaduais n\u00e3o tivessem perdas no FPM (Fundo de Participa\u00e7\u00e3o dos Munic\u00edpios) e no FPE (Fundo de<\/p>\n\n\n\n<p>Participa\u00e7\u00e3o dos Estados), mesmo com a forte queda na arrecada\u00e7\u00e3o federal. A inten\u00e7\u00e3o \u00e9 prorrogar os repasses at\u00e9 dezembro.<\/p>\n\n\n\n<p>A MP reservou at\u00e9 R$ 16 bilh\u00f5es para manter os repasses do FPM e do FPE nesses quatro meses.<\/p>\n\n\n\n<p>Com as tr\u00eas primeiras parcelas, foram usados cerca de R$ 6 bilh\u00f5es. A expectativa \u00e9 que, com a \u00faltima parcela, sobrem cerca de R$ 5 bilh\u00f5es para serem direcionados \u00e0s prefeituras.<\/p>\n\n\n\n<p>Por isso, parlamentares defendem que n\u00e3o haveria custo adicional para prorrogar essa medida at\u00e9 o fim do ano, j\u00e1 que os recursos seriam suficientes para atender aos estados e munic\u00edpios al\u00e9m dos quatro meses estipulados pela MP.<\/p>\n\n\n\n<p>A prorroga\u00e7\u00e3o foi uma das contrapartidas oferecidas a prefeitos que buscam a reelei\u00e7\u00e3o.<\/p>\n\n\n\n<p>Parte do acordo costurado por Maia para atrair o centr\u00e3o tamb\u00e9m envolve a aprova\u00e7\u00e3o de um projeto, no Senado, que retoma a propaganda partid\u00e1ria gratuita. A negocia\u00e7\u00e3o foi feita em conjunto com o presidente do Senado, Davi Alcolumbre (DEM-AP).<\/p>\n","protected":false},"excerpt":{"rendered":"<p>O texto-base foi aprovado por 402 votos a favor, recebeu 90 contr\u00e1rios e teve quatro absten\u00e7\u00f5es. Para passar, precisava do voto favor\u00e1vel de tr\u00eas quintos&hellip; <\/p>\n","protected":false},"author":2,"featured_media":176877,"comment_status":"closed","ping_status":"closed","sticky":false,"template":"","format":"standard","meta":{"sfsi_plus_gutenberg_text_before_share":"","sfsi_plus_gutenberg_show_text_before_share":"","sfsi_plus_gutenberg_icon_type":"","sfsi_plus_gutenberg_icon_alignemt":"","sfsi_plus_gutenburg_max_per_row":"","footnotes":""},"categories":[2],"tags":[],"class_list":["post-176876","post","type-post","status-publish","format-standard","has-post-thumbnail","hentry","category-geral"],"_links":{"self":[{"href":"https:\/\/www.caririemacao.com\/1\/wp-json\/wp\/v2\/posts\/176876","targetHints":{"allow":["GET"]}}],"collection":[{"href":"https:\/\/www.caririemacao.com\/1\/wp-json\/wp\/v2\/posts"}],"about":[{"href":"https:\/\/www.caririemacao.com\/1\/wp-json\/wp\/v2\/types\/post"}],"author":[{"embeddable":true,"href":"https:\/\/www.caririemacao.com\/1\/wp-json\/wp\/v2\/users\/2"}],"replies":[{"embeddable":true,"href":"https:\/\/www.caririemacao.com\/1\/wp-json\/wp\/v2\/comments?post=176876"}],"version-history":[{"count":1,"href":"https:\/\/www.caririemacao.com\/1\/wp-json\/wp\/v2\/posts\/176876\/revisions"}],"predecessor-version":[{"id":176878,"href":"https:\/\/www.caririemacao.com\/1\/wp-json\/wp\/v2\/posts\/176876\/revisions\/176878"}],"wp:featuredmedia":[{"embeddable":true,"href":"https:\/\/www.caririemacao.com\/1\/wp-json\/wp\/v2\/media\/176877"}],"wp:attachment":[{"href":"https:\/\/www.caririemacao.com\/1\/wp-json\/wp\/v2\/media?parent=176876"}],"wp:term":[{"taxonomy":"category","embeddable":true,"href":"https:\/\/www.caririemacao.com\/1\/wp-json\/wp\/v2\/categories?post=176876"},{"taxonomy":"post_tag","embeddable":true,"href":"https:\/\/www.caririemacao.com\/1\/wp-json\/wp\/v2\/tags?post=176876"}],"curies":[{"name":"wp","href":"https:\/\/api.w.org\/{rel}","templated":true}]}}