{"id":176880,"date":"2020-07-02T06:40:46","date_gmt":"2020-07-02T09:40:46","guid":{"rendered":"https:\/\/www.caririemacao.com\/1\/?p=176880"},"modified":"2020-07-02T06:40:46","modified_gmt":"2020-07-02T09:40:46","slug":"campinense-anuncia-contratacao-de-volante-do-futebol-baiano","status":"publish","type":"post","link":"https:\/\/www.caririemacao.com\/1\/2020\/07\/02\/campinense-anuncia-contratacao-de-volante-do-futebol-baiano\/","title":{"rendered":"Campinense anuncia contrata\u00e7\u00e3o de volante do futebol baiano"},"content":{"rendered":"\n<h1 class=\"wp-block-heading\"><\/h1>\n\n\n\n<p>O Campinense anunciou nesta quarta-feira&nbsp;<a href=\"https:\/\/paraibaonline.com.br\/esportes\/campinense-anuncia-sua-13a-contratacao-para-retomada-do-paraibano\/\">mais uma contrata\u00e7\u00e3o<\/a>&nbsp;para sequ\u00eancia do Estadual. Trata-se do volante Elielton, que estava no Jacobina da Bahia.<\/p>\n\n\n\n<p>O jogador, de 34 anos, al\u00e9m de ter defendido o clue baiano, teve passagens por Am\u00e9rica-RN, ABC-RN, Icasa-CE, Santo Andr\u00e9-SP, Brusque-SC, Ituano-SP, Confian\u00e7a-SE e Guarany de Sobral.<\/p>\n\n\n\n<p>Elielton j\u00e1 est\u00e1 em Campina Grande, passou pelo protocolo m\u00e9dico e j\u00e1 iniciou os treinamentos com os seus novos companheiros.<\/p>\n\n\n\n<p>O retorno da competi\u00e7\u00e3o est\u00e1 previsto para o dia 18 de julho, quando o time rubro-negro ir\u00e1 enfrentar o Botafogo-PB em Jo\u00e3o Pessoa, em partida atrasada da 7\u00aa rodada.<\/p>\n\n\n\n<p>O Campeonato Paraibano foi paralisado no dia 19 de mar\u00e7o, por conta da pandemia do novo coronav\u00edrus, faltando duas rodadas para o final da primeira fase.<\/p>\n","protected":false},"excerpt":{"rendered":"<p>O Campinense anunciou nesta quarta-feira&nbsp;mais uma contrata\u00e7\u00e3o&nbsp;para sequ\u00eancia do Estadual. Trata-se do volante Elielton, que estava no Jacobina da Bahia. O jogador, de 34 anos,&hellip; <\/p>\n","protected":false},"author":2,"featured_media":176881,"comment_status":"closed","ping_status":"closed","sticky":false,"template":"","format":"standard","meta":{"sfsi_plus_gutenberg_text_before_share":"","sfsi_plus_gutenberg_show_text_before_share":"","sfsi_plus_gutenberg_icon_type":"","sfsi_plus_gutenberg_icon_alignemt":"","sfsi_plus_gutenburg_max_per_row":"","footnotes":""},"categories":[2],"tags":[],"class_list":["post-176880","post","type-post","status-publish","format-standard","has-post-thumbnail","hentry","category-geral"],"_links":{"self":[{"href":"https:\/\/www.caririemacao.com\/1\/wp-json\/wp\/v2\/posts\/176880","targetHints":{"allow":["GET"]}}],"collection":[{"href":"https:\/\/www.caririemacao.com\/1\/wp-json\/wp\/v2\/posts"}],"about":[{"href":"https:\/\/www.caririemacao.com\/1\/wp-json\/wp\/v2\/types\/post"}],"author":[{"embeddable":true,"href":"https:\/\/www.caririemacao.com\/1\/wp-json\/wp\/v2\/users\/2"}],"replies":[{"embeddable":true,"href":"https:\/\/www.caririemacao.com\/1\/wp-json\/wp\/v2\/comments?post=176880"}],"version-history":[{"count":1,"href":"https:\/\/www.caririemacao.com\/1\/wp-json\/wp\/v2\/posts\/176880\/revisions"}],"predecessor-version":[{"id":176882,"href":"https:\/\/www.caririemacao.com\/1\/wp-json\/wp\/v2\/posts\/176880\/revisions\/176882"}],"wp:featuredmedia":[{"embeddable":true,"href":"https:\/\/www.caririemacao.com\/1\/wp-json\/wp\/v2\/media\/176881"}],"wp:attachment":[{"href":"https:\/\/www.caririemacao.com\/1\/wp-json\/wp\/v2\/media?parent=176880"}],"wp:term":[{"taxonomy":"category","embeddable":true,"href":"https:\/\/www.caririemacao.com\/1\/wp-json\/wp\/v2\/categories?post=176880"},{"taxonomy":"post_tag","embeddable":true,"href":"https:\/\/www.caririemacao.com\/1\/wp-json\/wp\/v2\/tags?post=176880"}],"curies":[{"name":"wp","href":"https:\/\/api.w.org\/{rel}","templated":true}]}}