{"id":17691,"date":"2017-04-12T13:31:43","date_gmt":"2017-04-12T16:31:43","guid":{"rendered":"http:\/\/caririemacao.com\/1\/?p=17691"},"modified":"2017-04-12T13:31:43","modified_gmt":"2017-04-12T16:31:43","slug":"nesta-quinta-prefeitura-de-sao-jose-dos-cordeiros-entrega-peixe-a-populacao","status":"publish","type":"post","link":"https:\/\/www.caririemacao.com\/1\/2017\/04\/12\/nesta-quinta-prefeitura-de-sao-jose-dos-cordeiros-entrega-peixe-a-populacao\/","title":{"rendered":"NESTA QUINTA: Prefeitura de S\u00e3o Jos\u00e9 dos Cordeiros entrega peixe a popula\u00e7\u00e3o"},"content":{"rendered":"<p>A Prefeitura de S\u00e3o Jos\u00e9 dos Cordeiros, atrav\u00e9s da Secretaria de Assist\u00eancia Social, comunica aos benefici\u00e1rios cadastrados no Programa Bolsa Fam\u00edlia que nesta quinta-feira (13) estar\u00e1 entregando o peixe da Semana Santa nas seguintes localidades.<\/p>\n<p>Confira a rela\u00e7\u00e3o dos locais e hor\u00e1rios da entrega dos peixes:<\/p>\n<table width=\"782\">\n<tbody>\n<tr>\n<td width=\"288\">LOCAL<\/td>\n<td width=\"288\">HOR\u00c1RIO<\/td>\n<\/tr>\n<tr>\n<td width=\"288\">PR\u00c9DIO DO CRAS<\/td>\n<td width=\"288\">08:00 AS 12:00<\/td>\n<\/tr>\n<tr>\n<td width=\"288\">SEDE DA ASSOCIA\u00c7\u00c3O DO RO\u00c7ADO DE FORA E GRUPO ESCOLAR DE PEDRA LAVRADA PROFESSOR EDIVAN.<\/td>\n<td width=\"288\">08:00<\/td>\n<\/tr>\n<tr>\n<td width=\"288\">GRUPO ESCOLAR DO ALGOD\u00c3O E GRUPO ESCOLAR DA PELADA.<\/td>\n<td width=\"288\">09:00<\/td>\n<\/tr>\n<tr>\n<td width=\"288\">GRUPO ESCOLAR DO SIMAO LOPES E GRUPO ESCOLAR DA LAGOA DE RO\u00c7A<\/td>\n<td width=\"288\">10:00<\/td>\n<\/tr>\n<tr>\n<td width=\"288\">GRUPO ESCOLAR DA IMPOEIRA FUNDA E CASA DE ROSILDA AGENTE DE SA\u00daDE NO S\u00cdTIO SAL\u00c3O<\/td>\n<td width=\"288\">11:00<\/td>\n<\/tr>\n<tr>\n<td width=\"288\">GRUPO ESCOLAR DO CARDOSO<\/td>\n<td width=\"288\">13:00<\/td>\n<\/tr>\n<tr>\n<td width=\"288\">CASA DE BERNADINHO OLINTO NA BARRA DO MINEIRO<\/td>\n<td width=\"288\">14:00<\/td>\n<\/tr>\n<\/tbody>\n<\/table>\n<p>A Secretaria de Assist\u00eancia Social ainda pedem que os benefici\u00e1rios podem pegar o peixe aonde for mais pr\u00f3ximo e apresentar o RG e CPF.<\/p>\n<p><strong>CARIRI EM A\u00c7\u00c3O<\/strong><\/p>\n<p>Leia mais not\u00edcias em\u00a0<a href=\"http:\/\/www.caririemacao.com\/\">caririemacao.com<\/a>, siga nossa p\u00e1gina no<a href=\"https:\/\/www.facebook.com\/CaririEmAcao\/\">\u00a0Facebook<\/a>\u00a0e\u00a0<a href=\"https:\/\/www.instagram.com\/cariri_em_acao\/?hl=pt-br\">Instagram<\/a>\u00a0veja nossas mat\u00e9rias e fotos. Voc\u00ea tamb\u00e9m pode enviar informa\u00e7\u00f5es \u00e0 Reda\u00e7\u00e3o do Portal Cariri em A\u00e7\u00e3o pelo WhatsApp (83) 9 9634.5791, (83) 9 9601-1162.<\/p>\n","protected":false},"excerpt":{"rendered":"<p>A Prefeitura de S\u00e3o Jos\u00e9 dos Cordeiros, atrav\u00e9s da Secretaria de Assist\u00eancia Social, comunica aos benefici\u00e1rios cadastrados no Programa Bolsa Fam\u00edlia que nesta quinta-feira (13)&hellip; <\/p>\n","protected":false},"author":2,"featured_media":17688,"comment_status":"closed","ping_status":"closed","sticky":false,"template":"","format":"standard","meta":{"sfsi_plus_gutenberg_text_before_share":"","sfsi_plus_gutenberg_show_text_before_share":"","sfsi_plus_gutenberg_icon_type":"","sfsi_plus_gutenberg_icon_alignemt":"","sfsi_plus_gutenburg_max_per_row":"","footnotes":""},"categories":[2],"tags":[],"class_list":["post-17691","post","type-post","status-publish","format-standard","has-post-thumbnail","hentry","category-geral"],"_links":{"self":[{"href":"https:\/\/www.caririemacao.com\/1\/wp-json\/wp\/v2\/posts\/17691","targetHints":{"allow":["GET"]}}],"collection":[{"href":"https:\/\/www.caririemacao.com\/1\/wp-json\/wp\/v2\/posts"}],"about":[{"href":"https:\/\/www.caririemacao.com\/1\/wp-json\/wp\/v2\/types\/post"}],"author":[{"embeddable":true,"href":"https:\/\/www.caririemacao.com\/1\/wp-json\/wp\/v2\/users\/2"}],"replies":[{"embeddable":true,"href":"https:\/\/www.caririemacao.com\/1\/wp-json\/wp\/v2\/comments?post=17691"}],"version-history":[{"count":0,"href":"https:\/\/www.caririemacao.com\/1\/wp-json\/wp\/v2\/posts\/17691\/revisions"}],"wp:featuredmedia":[{"embeddable":true,"href":"https:\/\/www.caririemacao.com\/1\/wp-json\/wp\/v2\/media\/17688"}],"wp:attachment":[{"href":"https:\/\/www.caririemacao.com\/1\/wp-json\/wp\/v2\/media?parent=17691"}],"wp:term":[{"taxonomy":"category","embeddable":true,"href":"https:\/\/www.caririemacao.com\/1\/wp-json\/wp\/v2\/categories?post=17691"},{"taxonomy":"post_tag","embeddable":true,"href":"https:\/\/www.caririemacao.com\/1\/wp-json\/wp\/v2\/tags?post=17691"}],"curies":[{"name":"wp","href":"https:\/\/api.w.org\/{rel}","templated":true}]}}