{"id":17694,"date":"2017-04-12T13:42:24","date_gmt":"2017-04-12T16:42:24","guid":{"rendered":"http:\/\/caririemacao.com\/1\/?p=17694"},"modified":"2017-04-12T13:50:19","modified_gmt":"2017-04-12T16:50:19","slug":"curso-de-confeccao-de-ovos-de-pascoa-e-concluido-em-sume","status":"publish","type":"post","link":"https:\/\/www.caririemacao.com\/1\/2017\/04\/12\/curso-de-confeccao-de-ovos-de-pascoa-e-concluido-em-sume\/","title":{"rendered":"Curso de confec\u00e7\u00e3o de ovos de P\u00e1scoa \u00e9 conclu\u00eddo em Sum\u00e9"},"content":{"rendered":"<p>A Secretaria de Assist\u00eancia Social de Sum\u00e9 finalizou nesta ter\u00e7a-feira (11\/04), o curso de confec\u00e7\u00e3o de ovos de chocolate, que aconteceu no CRAS com carga hor\u00e1ria de 20 horas.<\/p>\n<p><a href=\"http:\/\/caririemacao.com\/1\/wp-content\/uploads\/2017\/04\/SUM2.jpg\"><img fetchpriority=\"high\" decoding=\"async\" class=\"aligncenter wp-image-17697 size-full\" src=\"http:\/\/caririemacao.com\/1\/wp-content\/uploads\/2017\/04\/SUM2.jpg\" alt=\"SUM2\" width=\"752\" height=\"500\" srcset=\"https:\/\/www.caririemacao.com\/1\/wp-content\/uploads\/2017\/04\/SUM2.jpg 752w, https:\/\/www.caririemacao.com\/1\/wp-content\/uploads\/2017\/04\/SUM2-300x199.jpg 300w\" sizes=\"(max-width: 752px) 100vw, 752px\" \/><\/a><\/p>\n<p>Conclu\u00edram o curso 15 mulheres\u00a0 que aprenderam a confeccionar ovos de p\u00e1scoa e poder gerar uma renda para suas fam\u00edlias. Cada aluna recebeu um kit para desenvolver os aprendizados em casa.<\/p>\n<p><img decoding=\"async\" class=\"aligncenter wp-image-17696 size-full lazyload\" data-src=\"http:\/\/caririemacao.com\/1\/wp-content\/uploads\/2017\/04\/SUM1.jpg\" alt=\"SUM1\" width=\"752\" height=\"500\" data-srcset=\"https:\/\/www.caririemacao.com\/1\/wp-content\/uploads\/2017\/04\/SUM1.jpg 752w, https:\/\/www.caririemacao.com\/1\/wp-content\/uploads\/2017\/04\/SUM1-300x199.jpg 300w\" data-sizes=\"(max-width: 752px) 100vw, 752px\" src=\"data:image\/svg+xml;base64,PHN2ZyB3aWR0aD0iMSIgaGVpZ2h0PSIxIiB4bWxucz0iaHR0cDovL3d3dy53My5vcmcvMjAwMC9zdmciPjwvc3ZnPg==\" style=\"--smush-placeholder-width: 752px; --smush-placeholder-aspect-ratio: 752\/500;\" \/><\/p>\n<p>O encerramento aconteceu com uma confraterniza\u00e7\u00e3o que contou com a presen\u00e7a da secret\u00e1ria da Assist\u00eancia Social, Tanniery L\u00eala e das funcion\u00e1rias do CRAS.<\/p>\n<p>Tamb\u00e9m foram sorteados ovos de p\u00e1scoa com as participantes.\u00a0O curso foi realizado com recursos pr\u00f3prios da Prefeitura de Sum\u00e9.<\/p>\n<p><a href=\"https:\/\/www.facebook.com\/CaririEmAcao\/posts\/996820240453999\">VEJA MAIS FOTOS NESTE LINK<\/a><\/p>\n<p><strong>CARIRI EM A\u00c7\u00c3O<\/strong><\/p>\n<p>Ascom<\/p>\n<p>Leia mais not\u00edcias em\u00a0<a href=\"http:\/\/www.caririemacao.com\/\">caririemacao.com<\/a>, siga nossa p\u00e1gina no<a href=\"https:\/\/www.facebook.com\/CaririEmAcao\/\">\u00a0Facebook<\/a>\u00a0e\u00a0<a href=\"https:\/\/www.instagram.com\/cariri_em_acao\/?hl=pt-br\">Instagram<\/a>\u00a0veja nossas mat\u00e9rias e fotos. Voc\u00ea tamb\u00e9m pode enviar informa\u00e7\u00f5es \u00e0 Reda\u00e7\u00e3o do Portal Cariri em A\u00e7\u00e3o pelo WhatsApp (83) 9 9634.5791, (83) 9 9601-1162.<\/p>\n","protected":false},"excerpt":{"rendered":"<p>A Secretaria de Assist\u00eancia Social de Sum\u00e9 finalizou nesta ter\u00e7a-feira (11\/04), o curso de confec\u00e7\u00e3o de ovos de chocolate, que aconteceu no CRAS com carga&hellip; <\/p>\n","protected":false},"author":2,"featured_media":17695,"comment_status":"closed","ping_status":"closed","sticky":false,"template":"","format":"standard","meta":{"sfsi_plus_gutenberg_text_before_share":"","sfsi_plus_gutenberg_show_text_before_share":"","sfsi_plus_gutenberg_icon_type":"","sfsi_plus_gutenberg_icon_alignemt":"","sfsi_plus_gutenburg_max_per_row":"","footnotes":""},"categories":[6],"tags":[],"class_list":["post-17694","post","type-post","status-publish","format-standard","has-post-thumbnail","hentry","category-cidades"],"_links":{"self":[{"href":"https:\/\/www.caririemacao.com\/1\/wp-json\/wp\/v2\/posts\/17694","targetHints":{"allow":["GET"]}}],"collection":[{"href":"https:\/\/www.caririemacao.com\/1\/wp-json\/wp\/v2\/posts"}],"about":[{"href":"https:\/\/www.caririemacao.com\/1\/wp-json\/wp\/v2\/types\/post"}],"author":[{"embeddable":true,"href":"https:\/\/www.caririemacao.com\/1\/wp-json\/wp\/v2\/users\/2"}],"replies":[{"embeddable":true,"href":"https:\/\/www.caririemacao.com\/1\/wp-json\/wp\/v2\/comments?post=17694"}],"version-history":[{"count":0,"href":"https:\/\/www.caririemacao.com\/1\/wp-json\/wp\/v2\/posts\/17694\/revisions"}],"wp:featuredmedia":[{"embeddable":true,"href":"https:\/\/www.caririemacao.com\/1\/wp-json\/wp\/v2\/media\/17695"}],"wp:attachment":[{"href":"https:\/\/www.caririemacao.com\/1\/wp-json\/wp\/v2\/media?parent=17694"}],"wp:term":[{"taxonomy":"category","embeddable":true,"href":"https:\/\/www.caririemacao.com\/1\/wp-json\/wp\/v2\/categories?post=17694"},{"taxonomy":"post_tag","embeddable":true,"href":"https:\/\/www.caririemacao.com\/1\/wp-json\/wp\/v2\/tags?post=17694"}],"curies":[{"name":"wp","href":"https:\/\/api.w.org\/{rel}","templated":true}]}}