{"id":17700,"date":"2017-04-12T13:48:19","date_gmt":"2017-04-12T16:48:19","guid":{"rendered":"http:\/\/caririemacao.com\/1\/?p=17700"},"modified":"2017-04-12T13:48:19","modified_gmt":"2017-04-12T16:48:19","slug":"9-ministros-29-senadores-e-42-deputados-lista-de-fachin-inclui-investigacao-de-cassio-e-vitalzinho","status":"publish","type":"post","link":"https:\/\/www.caririemacao.com\/1\/2017\/04\/12\/9-ministros-29-senadores-e-42-deputados-lista-de-fachin-inclui-investigacao-de-cassio-e-vitalzinho\/","title":{"rendered":"9 MINISTROS, 29 SENADORES E 42 DEPUTADOS: &#8216;Lista de Fachin&#8217; inclui investiga\u00e7\u00e3o de C\u00e1ssio e Vitalzinho"},"content":{"rendered":"<p>O ministro Luiz Edson Fachin, relator da Opera\u00e7\u00e3o Lava Jato no Supremo Tribunal Federal (STF), autorizou a Procuradoria Geral da Rep\u00fablica (PGR) a investigar 9 ministros, 29 senadores e 42 deputados federais que fazem parte da chamada \u201clista do Janot\u201d, afirmou nesta ter\u00e7a-feira (11) reportagem do jornal \u201cO Estado de S. Paulo\u201d.<\/p>\n<p>Entre os alvos dos novos inqu\u00e9ritos, segundo o site da publica\u00e7\u00e3o, est\u00e3o os presidentes da C\u00e2mara, Rodrigo Maia (DEM-RJ) e do Senado, Eun\u00edcio Oliveira (PMDB-CE).<\/p>\n<p>O teor das decis\u00f5es de Fachin n\u00e3o foi divulgado oficialmente. O texto da reportagem informa que o jornal teve acesso a despachos do ministro, assinados eletronicamente no \u00faltimo dia 4.<\/p>\n<p>Depois da divulga\u00e7\u00e3o das informa\u00e7\u00f5es, o STF informou oficialmente que Fachin determinou a abertura de 76 inqu\u00e9ritos para investigar pol\u00edticos e autoridades com base nas dela\u00e7\u00f5es de ex-executivos da Odebrecht. Dessas investiga\u00e7\u00f5es, duas est\u00e3o mantidas em sigilo pelo ministro, que \u00e9 relator da Opera\u00e7\u00e3o Lava Jato no Corte.<\/p>\n<p>Segundo o gabinete de Fachin, foram arquivados sete casos envolvendo autoridades, a pedido da Procuradoria Geral da Rep\u00fablica (PGR), por falta de ind\u00edcios da ocorr\u00eancia de crimes.<\/p>\n<p>Segundo informou o Supremo, a PGR ainda pediu ao ministro que enviasse de volta aos investigadores tr\u00eas pedidos de investiga\u00e7\u00e3o, para nova an\u00e1lise dos relatos. O pr\u00f3prio Fachin remeteu outros oito pedidos \u00e0 PGR, para nova manifesta\u00e7\u00e3o do \u00f3rg\u00e3o, respons\u00e1vel pela condu\u00e7\u00e3o das investiga\u00e7\u00f5es.<\/p>\n<p>O ministro tamb\u00e9m decidiu enviar para inst\u00e2ncias inferiores da Justi\u00e7a 201 pedidos de investiga\u00e7\u00e3o de pessoas citadas sem o chamado \u201cforo privilegiado\u201d (prerrogativa de responder a processo somente no STF). Ainda existem outros 25 pedidos mantidos sob sigilo, por risco de atrapalhar as investiga\u00e7\u00f5es.<\/p>\n<p><strong>Ministros de Temer<\/strong><br \/>\nDos 28 ministros do governo Michel Temer, nove ser\u00e3o investigados no Supremo Tribunal Federal por ordem de Edson Fachin, afirma o jornal.<\/p>\n<p>Janot pediu ao STF para investigar os ministros Eliseu Padilha (PMDB), da Casa Civil; Moreira Franco (PMDB), da Secretaria-Geral da Presid\u00eancia; Gilberto Kassab (PSD), da Ci\u00eancia e Tecnologia; Helder Barbalho (PMDB), da Integra\u00e7\u00e3o Nacional; Aloysio Nunes (PSDB), das Rela\u00e7\u00f5es Exteriores; Blairo Maggi (PP), da Agricultura; Bruno Ara\u00fajo (PSDB), das Cidades; Roberto Freire (PPS), da Cultura; e Marcos Pereira (PRB), da Ind\u00fastria, Com\u00e9rcio Exterior e Servi\u00e7os.<\/p>\n<p>De acordo com o \u201cEstad\u00e3o\u201d, Padilha e Kassab ser\u00e3o alvo de dois inqu\u00e9ritos abertos na Corte para apurar as den\u00fancias dos delatores da Odebrecht.<\/p>\n<p>A reportagem ressalta que Michel Temer \u00e9 citado nos pedidos de abertura de dois inqu\u00e9ritos, mas, em raz\u00e3o da \u201cimunidade tempor\u00e1ria\u201d que ele possui como presidente da Rep\u00fablica, a PGR n\u00e3o o incluiu na \u201clista do Janot\u201d.<\/p>\n<p>No per\u00edodo em que estiver no comando do Pal\u00e1cio do Planalto, Temer n\u00e3o poder\u00e1 ser investigado por crimes que n\u00e3o tenham rela\u00e7\u00e3o com o exerc\u00edcio do mandato.<\/p>\n<p><strong>Senadores<\/strong><br \/>\nA reportagem do jornal \u201cO Estado de S. Paulo\u201d informa que os senadores A\u00e9cio Neves (PSDB-MG) e Romero Juc\u00e1 (PMDB-RR) s\u00e3o os alvos da \u201clista do Janot\u201d com maior n\u00famero de inqu\u00e9ritos abertos: 5 cada. A\u00e9cio \u00e9 presidente nacional do PSDB. Juc\u00e1, al\u00e9m de presidir o PMDB, \u00e9 o l\u00edder do governo Michel Temer no Senado.<\/p>\n<p>Na sequ\u00eancia, vem o l\u00edder do PMDB no Senado, Renan Calheiros (PMDB-AL), que \u00e9 alvo de quatro inqu\u00e9ritos .<\/p>\n<p><strong>Dela\u00e7\u00f5es da Odebrecht<\/strong><br \/>\nOs pedidos de investiga\u00e7\u00e3o apresentados em 14 de mar\u00e7o ao Supremo pelo procurador-geral da Rep\u00fablica, Rodrigo Janot, se basearam nos depoimentos de 40 dos 78 delatores da Odebrecht, segundo informou o jornal.<\/p>\n<p>De acordo com o site da publica\u00e7\u00e3o, Fachin autorizou a retirada do sigilo das investiga\u00e7\u00f5es que ele mandou abrir a pedido do procurador-geral da Rep\u00fablica, Rodrigo Janot.<\/p>\n<p>A chamada \u201clista do Janot\u201d, segundo \u201cO Estado de S. Paulo\u201d, cont\u00e9m 83 pedidos de abertura de inqu\u00e9rito, 211 pedidos de remessa de trechos das dela\u00e7\u00f5es que citam pessoas sem foro no STF para outras inst\u00e2ncias da Justi\u00e7a, 7 pedidos de arquivamento e 19 outras provid\u00eancias.<\/p>\n<p>De acordo com o jornal, o relator da Lava Jato tamb\u00e9m autorizou a investiga\u00e7\u00e3o, no pr\u00f3prio STF, de um ministro do Tribunal de Contas da Uni\u00e3o, de tr\u00eas governadores e de 24 outros pol\u00edticos e autoridades que, embora n\u00e3o tenham foro no tribunal, est\u00e3o relacionados aos fatos narrados pelos colaboradores.<\/p>\n<p><strong>A lista dos investigados, segundo o jornal, \u00e9 a seguinte:<\/strong><\/p>\n<p><strong>MINISTROS (9)<\/strong><\/p>\n<p><strong>PMDB (3)<\/strong><br \/>\nMinistro da Casa Civil, Eliseu Padilha (PMDB)<br \/>\nMinistro da Secretaria-Geral da Presid\u00eancia, Moreira Franco (PMDB)<br \/>\nMinistro da Integra\u00e7\u00e3o Nacional, Helder Barbalho (PMDB)<\/p>\n<p><strong>PSDB (2)<\/strong><br \/>\nMinistro das Cidades, Bruno Cavalcanti de Ara\u00fajo (PSDB)<br \/>\nMinistro das Rela\u00e7\u00f5es Exteriores, Aloysio Nunes Ferreira (PSDB)<\/p>\n<p><strong>PPS (1)<\/strong><br \/>\nMinistro da Cultura, Roberto Freire (PPS)<\/p>\n<p><strong>PRB (1)<\/strong><br \/>\nMinistro da Ind\u00fastria, Com\u00e9rcio Exterior e Servi\u00e7os, Marcos Ant\u00f4nio Pereira (PRB)<\/p>\n<p><strong>PP (1)<\/strong><br \/>\nMinistro da Agricultura, Pecu\u00e1ria e Abastecimento, Blairo Borges Maggi (PP)<\/p>\n<p><strong>PSD (1)<\/strong><br \/>\nMinistro da Ci\u00eancia e Tecnologia, Gilberto Kassab (PSD)<\/p>\n<p><strong>SENADORES (29)<\/strong><\/p>\n<p><strong>PMDB (9)<\/strong><br \/>\nRomero Juc\u00e1 Filho (PMDB-RR)<br \/>\nRenan Calheiros (PMDB-AL)<br \/>\nEdison Lob\u00e3o (PMDB-MA)<br \/>\nK\u00e1tia Regina de Abreu (PMDB-TO)<br \/>\nEun\u00edcio Oliveira (PMDB-CE)<br \/>\nEduardo Braga (PMDB-AM)<br \/>\nValdir Raupp (PMDB-RO)<br \/>\nGaribaldi Alves Filho (PMDB-RN)<br \/>\nMarta Suplicy (PMDB-SP)<\/p>\n<p><strong>PSDB (7)<\/strong><br \/>\nA\u00e9cio Neves (PSDB-MG)<br \/>\nAnt\u00f4nio Anastasia (PSDB-MG)<br \/>\nC\u00e1ssio Cunha Lima (PSDB-PB)<br \/>\nDal\u00edrio Jos\u00e9 Beber (PSDB-SC)<br \/>\nJos\u00e9 Serra (PSDB-SP)<br \/>\nEduardo Amorim (PSDB-SE)<br \/>\nRicardo Ferra\u00e7o (PSDB-ES)<\/p>\n<p><strong>PT (4)<\/strong><br \/>\nPaulo Rocha (PT-PA)<br \/>\nHumberto Costa (PT-PE)<br \/>\nJorge Viana (PT-AC)<br \/>\nLindbergh Farias (PT-RJ)<\/p>\n<p><strong>PSB (2)<\/strong><br \/>\nFernando Bezerra Coelho (PSB-PE)<br \/>\nLidice da Mata (PSB-BA)<\/p>\n<p><strong>DEM (2)<\/strong><br \/>\nJos\u00e9 Agripino Maia (DEM-RN)<br \/>\nMaria do Carmo Alves (DEM-SE)<\/p>\n<p><strong>PP (2)<\/strong><br \/>\nCiro Nogueira (PP-PI)<br \/>\nIvo Cassol (PP-RO)<\/p>\n<p><strong>PC do B (1)<\/strong><br \/>\nVanessa Grazziotin (PCdoB-AM)<\/p>\n<p><strong>PTC (1)<\/strong><br \/>\nFernando Afonso Collor de Mello (PTC-AL)<\/p>\n<p><strong>PSD (1)<\/strong><br \/>\nOmar Aziz (PSD-AM)<\/p>\n<p><strong>DEPUTADOS FEDERAIS (42)<\/strong><\/p>\n<p><strong>PT (11)<\/strong><br \/>\nMarco Maia (PT-RS)<br \/>\nCarlos Zarattini (PT-SP)<br \/>\nNelson Pellegrino (PT-BA)<br \/>\nMaria do Ros\u00e1rio (PT-RS)<br \/>\nVicente \u201cVicentinho\u201d Paulo da Silva (PT-SP)<br \/>\nVander Loubet (PT-MS)<br \/>\nZeca Dirceu (PT-PR)<br \/>\nZeca do PT (PT-MS)<br \/>\nVicente C\u00e2ndido (PT-SP)<br \/>\nD\u00e9cio Lima (PT-SC)<br \/>\nArlindo Chinaglia (PT-SP)<\/p>\n<p><strong>PP (5)<\/strong><br \/>\nM\u00e1rio Negromonte Jr. (PP-BA)<br \/>\nPaulo Henrique Lustosa (PP-CE)<br \/>\nCac\u00e1 Le\u00e3o (PP-BA)<br \/>\nDimas Fabiano Toledo (PP-MG)<br \/>\nJ\u00falio Lopes (PP-RJ)<\/p>\n<p><strong>DEM (5)<\/strong><br \/>\nRodrigo Maia (DEM-RM), presidente da C\u00e2mara<br \/>\nJos\u00e9 Carlos Aleluia (DEM-BA)<br \/>\nFelipe Maia (DEM-RN)<br \/>\n\u00d4nix Lorenzoni (DEM-RS)<br \/>\nRodrigo Garcia (DEM-SP)<\/p>\n<p><strong>PMDB (4)<\/strong><br \/>\nJarbas de Andrade Vasconcelos (PMDB-PE)<br \/>\nPedro Paulo (PMDB-RJ)<br \/>\nL\u00facio Vieira Lima (PDMB-BA)<br \/>\nDaniel Vilela (PMDB-GO)<\/p>\n<p><strong>PSDB (4)<\/strong><br \/>\nJutahy J\u00fanior (PSDB-BA)<br \/>\nYeda Crusius (PSDB-RS)<br \/>\nJo\u00e3o Paulo Papa (PSDB-SP)<br \/>\nBetinho Gomes (PSDB-PE)<\/p>\n<p><strong>PR (3)<\/strong><br \/>\nJo\u00e3o Carlos Bacelar (PR-BA)<br \/>\nMilton Monti (PR-SP)<br \/>\nAlfredo Nascimento (PR-AM)<\/p>\n<p><strong>PRB (2)<\/strong><br \/>\nCelso Russomano (PRB-SP)<br \/>\nBeto Mansur (PRB-SP)<\/p>\n<p><strong>PSB (2)<\/strong><br \/>\nJos\u00e9 Reinaldo (PSB-MA), por fatos de quando era governador do Maranh\u00e3o<br \/>\nHer\u00e1clito Fortes (PSB-PI)<\/p>\n<p><strong>PSD (2)<\/strong><br \/>\nAnt\u00f4nio Brito (PSD-BA)<br \/>\nF\u00e1bio Faria (PSD-RN)<\/p>\n<p><strong>PC do B (1)<\/strong><br \/>\nDaniel Almeida (PCdoB-BA)<\/p>\n<p><strong>PTB (1)<\/strong><br \/>\nPaes Landim (PTB-PI)<\/p>\n<p><strong>PPS (1)<\/strong><br \/>\nArthur Oliveira Maia (PPS-BA)<\/p>\n<p><strong>SD (1)<\/strong><br \/>\nPaulinho da For\u00e7a (SD-SP)<br \/>\nMinistros do TCU (1)<br \/>\nVital do R\u00eago Filho<\/p>\n<p><strong>Governadores (3)<\/strong><\/p>\n<p>Rio Grande do Norte: Robinson Faria (PSD)<br \/>\nAcre: Ti\u00e3o Viana (PT)<br \/>\nAlagoas: Renan Filho (PMDB)<\/p>\n<p><strong>CARIRI EM A\u00c7\u00c3O<\/strong><\/p>\n<p>Com Cariri Ligado\/ Reprodu\u00e7\u00e3o Google<\/p>\n<p><strong>Leia mais not\u00edcias em\u00a0<a href=\"http:\/\/www.caririemacao.com\/\">caririemacao.com<\/a>, siga nossa p\u00e1gina no\u00a0<a href=\"https:\/\/www.facebook.com\/CaririEmAcao\/?ref=aymt_homepage_panel\">Facebook<\/a>\u00a0e\u00a0<a href=\"https:\/\/www.instagram.com\/cariri_em_acao\/?hl=pt-br\">Instagram<\/a>\u00a0veja nossas mat\u00e9rias e fotos. Voc\u00ea tamb\u00e9m pode enviar informa\u00e7\u00f5es \u00e0 Reda\u00e7\u00e3o do Portal Cariri em A\u00e7\u00e3o pelo WhatsApp (83) 9 9634.5791, (83) 9 9601-1162.<\/strong><\/p>\n","protected":false},"excerpt":{"rendered":"<p>O ministro Luiz Edson Fachin, relator da Opera\u00e7\u00e3o Lava Jato no Supremo Tribunal Federal (STF), autorizou a Procuradoria Geral da Rep\u00fablica (PGR) a investigar 9&hellip; <\/p>\n","protected":false},"author":2,"featured_media":17702,"comment_status":"closed","ping_status":"closed","sticky":false,"template":"","format":"standard","meta":{"sfsi_plus_gutenberg_text_before_share":"","sfsi_plus_gutenberg_show_text_before_share":"","sfsi_plus_gutenberg_icon_type":"","sfsi_plus_gutenberg_icon_alignemt":"","sfsi_plus_gutenburg_max_per_row":"","footnotes":""},"categories":[11],"tags":[],"class_list":["post-17700","post","type-post","status-publish","format-standard","has-post-thumbnail","hentry","category-politica"],"_links":{"self":[{"href":"https:\/\/www.caririemacao.com\/1\/wp-json\/wp\/v2\/posts\/17700","targetHints":{"allow":["GET"]}}],"collection":[{"href":"https:\/\/www.caririemacao.com\/1\/wp-json\/wp\/v2\/posts"}],"about":[{"href":"https:\/\/www.caririemacao.com\/1\/wp-json\/wp\/v2\/types\/post"}],"author":[{"embeddable":true,"href":"https:\/\/www.caririemacao.com\/1\/wp-json\/wp\/v2\/users\/2"}],"replies":[{"embeddable":true,"href":"https:\/\/www.caririemacao.com\/1\/wp-json\/wp\/v2\/comments?post=17700"}],"version-history":[{"count":0,"href":"https:\/\/www.caririemacao.com\/1\/wp-json\/wp\/v2\/posts\/17700\/revisions"}],"wp:featuredmedia":[{"embeddable":true,"href":"https:\/\/www.caririemacao.com\/1\/wp-json\/wp\/v2\/media\/17702"}],"wp:attachment":[{"href":"https:\/\/www.caririemacao.com\/1\/wp-json\/wp\/v2\/media?parent=17700"}],"wp:term":[{"taxonomy":"category","embeddable":true,"href":"https:\/\/www.caririemacao.com\/1\/wp-json\/wp\/v2\/categories?post=17700"},{"taxonomy":"post_tag","embeddable":true,"href":"https:\/\/www.caririemacao.com\/1\/wp-json\/wp\/v2\/tags?post=17700"}],"curies":[{"name":"wp","href":"https:\/\/api.w.org\/{rel}","templated":true}]}}