{"id":17704,"date":"2017-04-12T13:53:52","date_gmt":"2017-04-12T16:53:52","guid":{"rendered":"http:\/\/caririemacao.com\/1\/?p=17704"},"modified":"2017-04-12T13:53:52","modified_gmt":"2017-04-12T16:53:52","slug":"cdsasume-instala-medidores-de-agua-em-ambientes-do-campus","status":"publish","type":"post","link":"https:\/\/www.caririemacao.com\/1\/2017\/04\/12\/cdsasume-instala-medidores-de-agua-em-ambientes-do-campus\/","title":{"rendered":"CDSA\/Sum\u00e9 instala medidores de \u00e1gua em ambientes do Campus"},"content":{"rendered":"<div class=\"contentPost\">\n<p>Foram instalados no Centro de Desenvolvimento Sustent\u00e1vel do Semi\u00e1rido (CDSA) da UFCG, sete medidores de \u00e1gua nas resid\u00eancias universit\u00e1rias, centrais de aula e centrais de laborat\u00f3rios, com a finalidade de monitorar o consumo de \u00e1gua e detectar poss\u00edveis vazamentos. A recomenda\u00e7\u00e3o para a instala\u00e7\u00e3o dos medidores foi da Comiss\u00e3o de Efici\u00eancia Energ\u00e9tica e H\u00eddrica do CDSA.<\/p>\n<p>A inten\u00e7\u00e3o \u00e9 ampliar o n\u00famero de medidores em outros ambientes do CDSA, em m\u00e9dio e longo prazo, conforme a disponibilidade de recursos, pois a Cagepa n\u00e3o fornece esses equipamentos, sendo necess\u00e1rio realizar a compra dos mesmos, que possuem um custo elevado.<\/p>\n<\/div>\n<p><strong>CARIRI EM A\u00c7\u00c3O<\/strong><\/p>\n<p>Com Ascom\/Reprodu\u00e7\u00e3o<\/p>\n<p><strong>Leia mais not\u00edcias em\u00a0<a href=\"http:\/\/www.caririemacao.com\/\">caririemacao.com<\/a>, siga nossa p\u00e1gina no\u00a0<a href=\"https:\/\/www.facebook.com\/CaririEmAcao\/?ref=aymt_homepage_panel\">Facebook<\/a>\u00a0e\u00a0<a href=\"https:\/\/www.instagram.com\/cariri_em_acao\/?hl=pt-br\">Instagram<\/a>\u00a0veja nossas mat\u00e9rias e fotos. Voc\u00ea tamb\u00e9m pode enviar informa\u00e7\u00f5es \u00e0 Reda\u00e7\u00e3o do Portal Cariri em A\u00e7\u00e3o pelo WhatsApp (83) 9 9634.5791, (83) 9 9601-1162.<\/strong><\/p>\n<div class=\"fb-like fb_iframe_widget\" data-width=\"180\" data-href=\"http:\/\/caririligado.com.br\/cdsasume-instala-medidores-de-agua-em-ambientes-do-campus\/\" data-layout=\"button_count\" data-action=\"like\" data-show-faces=\"true\" data-share=\"false\"><\/div>\n<p>&nbsp;<\/p>\n","protected":false},"excerpt":{"rendered":"<p>Foram instalados no Centro de Desenvolvimento Sustent\u00e1vel do Semi\u00e1rido (CDSA) da UFCG, sete medidores de \u00e1gua nas resid\u00eancias universit\u00e1rias, centrais de aula e centrais de&hellip; <\/p>\n","protected":false},"author":2,"featured_media":17706,"comment_status":"closed","ping_status":"closed","sticky":false,"template":"","format":"standard","meta":{"sfsi_plus_gutenberg_text_before_share":"","sfsi_plus_gutenberg_show_text_before_share":"","sfsi_plus_gutenberg_icon_type":"","sfsi_plus_gutenberg_icon_alignemt":"","sfsi_plus_gutenburg_max_per_row":"","footnotes":""},"categories":[2],"tags":[],"class_list":["post-17704","post","type-post","status-publish","format-standard","has-post-thumbnail","hentry","category-geral"],"_links":{"self":[{"href":"https:\/\/www.caririemacao.com\/1\/wp-json\/wp\/v2\/posts\/17704","targetHints":{"allow":["GET"]}}],"collection":[{"href":"https:\/\/www.caririemacao.com\/1\/wp-json\/wp\/v2\/posts"}],"about":[{"href":"https:\/\/www.caririemacao.com\/1\/wp-json\/wp\/v2\/types\/post"}],"author":[{"embeddable":true,"href":"https:\/\/www.caririemacao.com\/1\/wp-json\/wp\/v2\/users\/2"}],"replies":[{"embeddable":true,"href":"https:\/\/www.caririemacao.com\/1\/wp-json\/wp\/v2\/comments?post=17704"}],"version-history":[{"count":0,"href":"https:\/\/www.caririemacao.com\/1\/wp-json\/wp\/v2\/posts\/17704\/revisions"}],"wp:featuredmedia":[{"embeddable":true,"href":"https:\/\/www.caririemacao.com\/1\/wp-json\/wp\/v2\/media\/17706"}],"wp:attachment":[{"href":"https:\/\/www.caririemacao.com\/1\/wp-json\/wp\/v2\/media?parent=17704"}],"wp:term":[{"taxonomy":"category","embeddable":true,"href":"https:\/\/www.caririemacao.com\/1\/wp-json\/wp\/v2\/categories?post=17704"},{"taxonomy":"post_tag","embeddable":true,"href":"https:\/\/www.caririemacao.com\/1\/wp-json\/wp\/v2\/tags?post=17704"}],"curies":[{"name":"wp","href":"https:\/\/api.w.org\/{rel}","templated":true}]}}