{"id":17711,"date":"2017-04-12T14:55:08","date_gmt":"2017-04-12T17:55:08","guid":{"rendered":"http:\/\/caririemacao.com\/1\/?p=17711"},"modified":"2017-04-12T14:55:08","modified_gmt":"2017-04-12T17:55:08","slug":"presidente-do-pt-da-paraiba-ironiza-cassio-na-lista-de-fachin-e-muita-injustica","status":"publish","type":"post","link":"https:\/\/www.caririemacao.com\/1\/2017\/04\/12\/presidente-do-pt-da-paraiba-ironiza-cassio-na-lista-de-fachin-e-muita-injustica\/","title":{"rendered":"Presidente do PT da Para\u00edba ironiza C\u00e1ssio na lista de Fachin: \u201c\u00e9 muita injusti\u00e7a\u201d"},"content":{"rendered":"<p>O presidente estadual do PT na Para\u00edba, Charliton Machado, ironizou nesta quarta-feira (12), o senador C\u00e1ssio Cunha Lima e o atual ministro do Tribunal de Contas do Uni\u00e3o, Vital do R\u00eago Filho, que est\u00e3o com os nomes na lista de investigados da Lava Jato por recebimento de dinheiro atrav\u00e9s de caixa 2.<\/p>\n<p>Em postagem no Facebook, o petista ironizou. \u201cC\u00e1ssio e Vital na lista de Fachin? \u00c9 muita injusti\u00e7a!\u201d.<\/p>\n<p><a href=\"http:\/\/caririemacao.com\/1\/wp-content\/uploads\/2017\/04\/WhatsApp-Image-2017-04-12-at-10.37.57.jpeg\"><img fetchpriority=\"high\" decoding=\"async\" class=\"aligncenter wp-image-17713 size-full\" src=\"http:\/\/caririemacao.com\/1\/wp-content\/uploads\/2017\/04\/WhatsApp-Image-2017-04-12-at-10.37.57.jpeg\" alt=\"WhatsApp-Image-2017-04-12-at-10.37.57\" width=\"720\" height=\"791\" srcset=\"https:\/\/www.caririemacao.com\/1\/wp-content\/uploads\/2017\/04\/WhatsApp-Image-2017-04-12-at-10.37.57.jpeg 720w, https:\/\/www.caririemacao.com\/1\/wp-content\/uploads\/2017\/04\/WhatsApp-Image-2017-04-12-at-10.37.57-273x300.jpeg 273w\" sizes=\"(max-width: 720px) 100vw, 720px\" \/><\/a><\/p>\n<p><strong>CARIRI EM A\u00c7\u00c3O<\/strong><\/p>\n<p>Com Para\u00edba J\u00e1\/ Foto: Reprodu\u00e7\u00e3o<\/p>\n<p><strong>Leia mais not\u00edcias em\u00a0<a href=\"http:\/\/www.caririemacao.com\/\">caririemacao.com<\/a>, siga nossa p\u00e1gina no\u00a0<a href=\"https:\/\/www.facebook.com\/CaririEmAcao\/?ref=aymt_homepage_panel\">Facebook<\/a>\u00a0e\u00a0<a href=\"https:\/\/www.instagram.com\/cariri_em_acao\/?hl=pt-br\">Instagram<\/a>\u00a0veja nossas mat\u00e9rias e fotos. Voc\u00ea tamb\u00e9m pode enviar informa\u00e7\u00f5es \u00e0 Reda\u00e7\u00e3o do Portal Cariri em A\u00e7\u00e3o pelo WhatsApp (83) 9 9634.5791, (83) 9 9601-1162.<\/strong><\/p>\n","protected":false},"excerpt":{"rendered":"<p>O presidente estadual do PT na Para\u00edba, Charliton Machado, ironizou nesta quarta-feira (12), o senador C\u00e1ssio Cunha Lima e o atual ministro do Tribunal de&hellip; <\/p>\n","protected":false},"author":2,"featured_media":17712,"comment_status":"closed","ping_status":"closed","sticky":false,"template":"","format":"standard","meta":{"sfsi_plus_gutenberg_text_before_share":"","sfsi_plus_gutenberg_show_text_before_share":"","sfsi_plus_gutenberg_icon_type":"","sfsi_plus_gutenberg_icon_alignemt":"","sfsi_plus_gutenburg_max_per_row":"","footnotes":""},"categories":[11],"tags":[],"class_list":["post-17711","post","type-post","status-publish","format-standard","has-post-thumbnail","hentry","category-politica"],"_links":{"self":[{"href":"https:\/\/www.caririemacao.com\/1\/wp-json\/wp\/v2\/posts\/17711","targetHints":{"allow":["GET"]}}],"collection":[{"href":"https:\/\/www.caririemacao.com\/1\/wp-json\/wp\/v2\/posts"}],"about":[{"href":"https:\/\/www.caririemacao.com\/1\/wp-json\/wp\/v2\/types\/post"}],"author":[{"embeddable":true,"href":"https:\/\/www.caririemacao.com\/1\/wp-json\/wp\/v2\/users\/2"}],"replies":[{"embeddable":true,"href":"https:\/\/www.caririemacao.com\/1\/wp-json\/wp\/v2\/comments?post=17711"}],"version-history":[{"count":0,"href":"https:\/\/www.caririemacao.com\/1\/wp-json\/wp\/v2\/posts\/17711\/revisions"}],"wp:featuredmedia":[{"embeddable":true,"href":"https:\/\/www.caririemacao.com\/1\/wp-json\/wp\/v2\/media\/17712"}],"wp:attachment":[{"href":"https:\/\/www.caririemacao.com\/1\/wp-json\/wp\/v2\/media?parent=17711"}],"wp:term":[{"taxonomy":"category","embeddable":true,"href":"https:\/\/www.caririemacao.com\/1\/wp-json\/wp\/v2\/categories?post=17711"},{"taxonomy":"post_tag","embeddable":true,"href":"https:\/\/www.caririemacao.com\/1\/wp-json\/wp\/v2\/tags?post=17711"}],"curies":[{"name":"wp","href":"https:\/\/api.w.org\/{rel}","templated":true}]}}